{"id":27651,"date":"2022-11-02T19:40:52","date_gmt":"2022-11-02T19:40:52","guid":{"rendered":"http:\/\/www.sundde.gob.ve\/?p=27651"},"modified":"2022-11-02T19:40:52","modified_gmt":"2022-11-02T19:40:52","slug":"venezuela-y-colombia-suscribieron-declaracion-conjunta-para-fortalecer-la-integracion","status":"publish","type":"post","link":"https:\/\/www.sundde.gob.ve\/?p=27651","title":{"rendered":"Venezuela y Colombia suscribieron Declaraci\u00f3n Conjunta para fortalecer la integraci\u00f3n"},"content":{"rendered":"\n<h1 class=\"wp-block-heading\"><\/h1>\n\n\n\n<div class=\"wp-block-image\"><figure class=\"aligncenter size-full\"><img fetchpriority=\"high\" decoding=\"async\" width=\"780\" height=\"405\" src=\"http:\/\/www.sundde.gob.ve\/wp-content\/uploads\/2022\/11\/WhatsApp-Image-2022-11-02-at-3.38.15-PM.jpeg\" alt=\"\" class=\"wp-image-27652\" srcset=\"https:\/\/www.sundde.gob.ve\/wp-content\/uploads\/2022\/11\/WhatsApp-Image-2022-11-02-at-3.38.15-PM.jpeg 780w, https:\/\/www.sundde.gob.ve\/wp-content\/uploads\/2022\/11\/WhatsApp-Image-2022-11-02-at-3.38.15-PM-300x156.jpeg 300w, https:\/\/www.sundde.gob.ve\/wp-content\/uploads\/2022\/11\/WhatsApp-Image-2022-11-02-at-3.38.15-PM-768x399.jpeg 768w\" sizes=\"(max-width: 780px) 100vw, 780px\" \/><\/figure><\/div>\n\n\n\n<p>Con la firma de una Declaraci\u00f3n Conjunta, los presidentes de Venezuela, Nicol\u00e1s Maduro y de Colombia, Gustavo Petro, sellaron una \u201cjornada fruct\u00edfera, intensa y extensa\u201d, que profundiza la integraci\u00f3n bilateral en el contexto de una agenda positiva de cooperaci\u00f3n.<\/p>\n\n\n\n<p>\u201c<em>Hemos conversado diversos temas de la cooperaci\u00f3n bilateral entre Colombia y Venezuela, dos pa\u00edses que tenemos una marca en la historia para la hermandad y el entendimiento<\/em>\u201d, manifest\u00f3 el jefe de Estado, Nicol\u00e1s Maduro, desde el sal\u00f3n Ayacucho del Palacio de Miraflores.<\/p>\n\n\n\n<p>Al acentuar que Colombia y Venezuela coinciden \u201cen un destino com\u00fan\u201d, que convoca a los gobiernos a trabajar por el bienestar compartido, detall\u00f3 que conversaron sobre las alianzas comerciales y econ\u00f3micas, as\u00ed como temas vinculados a la paz, seguridad fronteriza y cuestiones de inter\u00e9s multilateral.<\/p>\n\n\n\n<p>El Mandatario venezolano, reiter\u00f3 que el primer encuentro con el presidente Gustavo Petro, fue \u201cverdaderamente auspicioso, con buenos resultados\u201d y augur\u00f3 \u201cbuenas noticias para ambas poblaciones\u201d en lo que resta del a\u00f1o 2022.<\/p>\n\n\n\n<p>Por su parte, el presidente Petro, aplaudi\u00f3 el encuentro en suelo venezolano, el que a su juicio permitir\u00e1 retomar las relaciones de cooperaci\u00f3n e integraci\u00f3n. \u201c<em>Estamos mezclados por la historia, por una ra\u00edz com\u00fan y por la sangre. Por tanto, separar a las naciones se convierte en una aventura suicida (\u2026) la amistad entre los dos pueblos debe mantenerse<\/em>\u201d, concluy\u00f3 el Mandatario colombiano.<\/p>\n\n\n\n<p>Prensa Presidencial<\/p>\n\n\n\n<h1 class=\"wp-block-heading\">&nbsp;<\/h1>\n\n\n\n\n","protected":false},"excerpt":{"rendered":"<p>Con la firma de una Declaraci\u00f3n Conjunta, los presidentes de Venezuela, Nicol\u00e1s Maduro y de Colombia, Gustavo Petro, sellaron una \u201cjornada fruct\u00edfera, intensa y extensa\u201d, que profundiza la integraci\u00f3n bilateral en el contexto de una agenda positiva de cooperaci\u00f3n. \u201cHemos conversado diversos temas de la cooperaci\u00f3n bilateral entre Colombia y Venezuela, dos pa\u00edses que tenemos una marca en la historia para la hermandad y el entendimiento\u201d, manifest\u00f3 el jefe de Estado, Nicol\u00e1s Maduro, desde el sal\u00f3n Ayacucho del Palacio de Miraflores. Al acentuar que Colombia y Venezuela coinciden \u201cen un destino com\u00fan\u201d, que convoca a los gobiernos a trabajar por el bienestar compartido, detall\u00f3 que conversaron sobre las alianzas comerciales y econ\u00f3micas, as\u00ed como temas vinculados a la paz, seguridad fronteriza y cuestiones de inter\u00e9s multilateral. El Mandatario venezolano, reiter\u00f3 que el primer encuentro con el presidente Gustavo Petro, fue \u201cverdaderamente auspicioso, con buenos resultados\u201d y augur\u00f3 \u201cbuenas noticias para ambas poblaciones\u201d en lo que resta del a\u00f1o 2022. Por su parte, el presidente Petro, aplaudi\u00f3 el encuentro en suelo venezolano, el que a su juicio permitir\u00e1 retomar las relaciones de cooperaci\u00f3n e integraci\u00f3n. \u201cEstamos mezclados por la historia, por una ra\u00edz com\u00fan y por la sangre. Por tanto, separar a las naciones se convierte en una aventura suicida (\u2026) la amistad entre los dos pueblos debe mantenerse\u201d, concluy\u00f3 el Mandatario colombiano. Prensa Presidencial &nbsp;<\/p>\n","protected":false},"author":5,"featured_media":27652,"comment_status":"closed","ping_status":"","sticky":false,"template":"","format":"standard","meta":{"_monsterinsights_skip_tracking":false,"_monsterinsights_sitenote_active":false,"_monsterinsights_sitenote_note":"","_monsterinsights_sitenote_category":0,"footnotes":""},"categories":[4],"tags":[],"class_list":["post-27651","post","type-post","status-publish","format-standard","has-post-thumbnail","hentry","category-noticias"],"_links":{"self":[{"href":"https:\/\/www.sundde.gob.ve\/index.php?rest_route=\/wp\/v2\/posts\/27651","targetHints":{"allow":["GET"]}}],"collection":[{"href":"https:\/\/www.sundde.gob.ve\/index.php?rest_route=\/wp\/v2\/posts"}],"about":[{"href":"https:\/\/www.sundde.gob.ve\/index.php?rest_route=\/wp\/v2\/types\/post"}],"author":[{"embeddable":true,"href":"https:\/\/www.sundde.gob.ve\/index.php?rest_route=\/wp\/v2\/users\/5"}],"replies":[{"embeddable":true,"href":"https:\/\/www.sundde.gob.ve\/index.php?rest_route=%2Fwp%2Fv2%2Fcomments&post=27651"}],"version-history":[{"count":1,"href":"https:\/\/www.sundde.gob.ve\/index.php?rest_route=\/wp\/v2\/posts\/27651\/revisions"}],"predecessor-version":[{"id":27653,"href":"https:\/\/www.sundde.gob.ve\/index.php?rest_route=\/wp\/v2\/posts\/27651\/revisions\/27653"}],"wp:featuredmedia":[{"embeddable":true,"href":"https:\/\/www.sundde.gob.ve\/index.php?rest_route=\/wp\/v2\/media\/27652"}],"wp:attachment":[{"href":"https:\/\/www.sundde.gob.ve\/index.php?rest_route=%2Fwp%2Fv2%2Fmedia&parent=27651"}],"wp:term":[{"taxonomy":"category","embeddable":true,"href":"https:\/\/www.sundde.gob.ve\/index.php?rest_route=%2Fwp%2Fv2%2Fcategories&post=27651"},{"taxonomy":"post_tag","embeddable":true,"href":"https:\/\/www.sundde.gob.ve\/index.php?rest_route=%2Fwp%2Fv2%2Ftags&post=27651"}],"curies":[{"name":"wp","href":"https:\/\/api.w.org\/{rel}","templated":true}]}}