{"id":27685,"date":"2022-11-17T19:59:57","date_gmt":"2022-11-17T19:59:57","guid":{"rendered":"http:\/\/www.sundde.gob.ve\/?p=27685"},"modified":"2022-11-17T19:59:57","modified_gmt":"2022-11-17T19:59:57","slug":"mision-ribas-y-comercio-nacional-egresaron-a-175-vencedores-mencion-fiscalizacion-y-costos","status":"publish","type":"post","link":"https:\/\/www.sundde.gob.ve\/?p=27685","title":{"rendered":"Misi\u00f3n Ribas y Comercio Nacional egresaron a 175 vencedores menci\u00f3n Fiscalizaci\u00f3n y Costos"},"content":{"rendered":"\n<figure class=\"wp-block-image size-full\"><img fetchpriority=\"high\" decoding=\"async\" width=\"780\" height=\"405\" src=\"http:\/\/www.sundde.gob.ve\/wp-content\/uploads\/2022\/11\/WhatsApp-Image-2022-11-17-at-3.58.30-PM.jpeg\" alt=\"\" class=\"wp-image-27686\" srcset=\"https:\/\/www.sundde.gob.ve\/wp-content\/uploads\/2022\/11\/WhatsApp-Image-2022-11-17-at-3.58.30-PM.jpeg 780w, https:\/\/www.sundde.gob.ve\/wp-content\/uploads\/2022\/11\/WhatsApp-Image-2022-11-17-at-3.58.30-PM-300x156.jpeg 300w, https:\/\/www.sundde.gob.ve\/wp-content\/uploads\/2022\/11\/WhatsApp-Image-2022-11-17-at-3.58.30-PM-768x399.jpeg 768w\" sizes=\"(max-width: 780px) 100vw, 780px\" \/><\/figure>\n\n\n\n<p>175 Vencedores y Vencedoras egresaron como bachilleres integrales, menci\u00f3n Fiscalizaci\u00f3n y Costos, gracias al Convenio de Cooperaci\u00f3n Acad\u00e9mica, entre el Ministerio del Poder Popular de Comercio Nacional y la Misi\u00f3n Ribas.<\/p>\n\n\n\n<p>En el proceso de formaci\u00f3n, participaron los funcionarios de la Superintendencia Nacional para la Defensa de los Derechos Socioecon\u00f3micos (Sundde), como facilitadores de conocimientos.<\/p>\n\n\n\n<p>Los vencedores aprendieron sobre el discurso y la comunicaci\u00f3n asertiva, los deberes, derechos y responsabilidades de los ciudadanos y contribuyentes, el dise\u00f1o de las estructura de costos, los procesos y protocolos para una eficiente gesti\u00f3n administrativa, entre otras materias.<\/p>\n\n\n\n<p>La graduaci\u00f3n de los nuevos bachilleres integrales, menci\u00f3n Fiscalizaci\u00f3n y Costos, se realiza de manera progresiva en los diversos estados del pa\u00eds.<\/p>\n\n\n\n<p>El Plan de Reimpulso del Comercio Nacional, estableci\u00f3 en su v\u00e9rtice 6, el Plan de Formaci\u00f3n de Derechos Socioecon\u00f3micos, que contempla el fortalecimiento y la consolidaci\u00f3n de programas integrales de formaci\u00f3n a los trabajadores, consumidores, usuarios, comerciantes y emprendedores vinculados a las actividades econ\u00f3micas y comerciales del pa\u00eds.<\/p>\n\n\n\n<p>Redacci\u00f3n: Norelkis Bernal. Prensa Sundde.<\/p>\n","protected":false},"excerpt":{"rendered":"<p>175 Vencedores y Vencedoras egresaron como bachilleres integrales, menci\u00f3n Fiscalizaci\u00f3n y Costos, gracias al Convenio de Cooperaci\u00f3n Acad\u00e9mica, entre el Ministerio del Poder Popular de Comercio Nacional y la Misi\u00f3n Ribas. En el proceso de formaci\u00f3n, participaron los funcionarios de la Superintendencia Nacional para la Defensa de los Derechos Socioecon\u00f3micos (Sundde), como facilitadores de conocimientos. Los vencedores aprendieron sobre el discurso y la comunicaci\u00f3n asertiva, los deberes, derechos y responsabilidades de los ciudadanos y contribuyentes, el dise\u00f1o de las estructura de costos, los procesos y protocolos para una eficiente gesti\u00f3n administrativa, entre otras materias. La graduaci\u00f3n de los nuevos bachilleres integrales, menci\u00f3n Fiscalizaci\u00f3n y Costos, se realiza de manera progresiva en los diversos estados del pa\u00eds. El Plan de Reimpulso del Comercio Nacional, estableci\u00f3 en su v\u00e9rtice 6, el Plan de Formaci\u00f3n de Derechos Socioecon\u00f3micos, que contempla el fortalecimiento y la consolidaci\u00f3n de programas integrales de formaci\u00f3n a los trabajadores, consumidores, usuarios, comerciantes y emprendedores vinculados a las actividades econ\u00f3micas y comerciales del pa\u00eds. Redacci\u00f3n: Norelkis Bernal. Prensa Sundde.<\/p>\n","protected":false},"author":5,"featured_media":27686,"comment_status":"closed","ping_status":"","sticky":false,"template":"","format":"standard","meta":{"_monsterinsights_skip_tracking":false,"_monsterinsights_sitenote_active":false,"_monsterinsights_sitenote_note":"","_monsterinsights_sitenote_category":0,"footnotes":""},"categories":[4],"tags":[],"class_list":["post-27685","post","type-post","status-publish","format-standard","has-post-thumbnail","hentry","category-noticias"],"_links":{"self":[{"href":"https:\/\/www.sundde.gob.ve\/index.php?rest_route=\/wp\/v2\/posts\/27685","targetHints":{"allow":["GET"]}}],"collection":[{"href":"https:\/\/www.sundde.gob.ve\/index.php?rest_route=\/wp\/v2\/posts"}],"about":[{"href":"https:\/\/www.sundde.gob.ve\/index.php?rest_route=\/wp\/v2\/types\/post"}],"author":[{"embeddable":true,"href":"https:\/\/www.sundde.gob.ve\/index.php?rest_route=\/wp\/v2\/users\/5"}],"replies":[{"embeddable":true,"href":"https:\/\/www.sundde.gob.ve\/index.php?rest_route=%2Fwp%2Fv2%2Fcomments&post=27685"}],"version-history":[{"count":1,"href":"https:\/\/www.sundde.gob.ve\/index.php?rest_route=\/wp\/v2\/posts\/27685\/revisions"}],"predecessor-version":[{"id":27687,"href":"https:\/\/www.sundde.gob.ve\/index.php?rest_route=\/wp\/v2\/posts\/27685\/revisions\/27687"}],"wp:featuredmedia":[{"embeddable":true,"href":"https:\/\/www.sundde.gob.ve\/index.php?rest_route=\/wp\/v2\/media\/27686"}],"wp:attachment":[{"href":"https:\/\/www.sundde.gob.ve\/index.php?rest_route=%2Fwp%2Fv2%2Fmedia&parent=27685"}],"wp:term":[{"taxonomy":"category","embeddable":true,"href":"https:\/\/www.sundde.gob.ve\/index.php?rest_route=%2Fwp%2Fv2%2Fcategories&post=27685"},{"taxonomy":"post_tag","embeddable":true,"href":"https:\/\/www.sundde.gob.ve\/index.php?rest_route=%2Fwp%2Fv2%2Ftags&post=27685"}],"curies":[{"name":"wp","href":"https:\/\/api.w.org\/{rel}","templated":true}]}}