{"id":32537,"date":"2024-10-25T22:56:21","date_gmt":"2024-10-25T22:56:21","guid":{"rendered":"https:\/\/www.sundde.gob.ve\/?p=32537"},"modified":"2024-10-30T16:33:42","modified_gmt":"2024-10-30T16:33:42","slug":"fuerza-laboral-de-la-sundde-recibio-charla-sobre-la-prevencion-del-cancer-de-mama","status":"publish","type":"post","link":"https:\/\/www.sundde.gob.ve\/?p=32537","title":{"rendered":"Fuerza laboral de la Sundde recibi\u00f3 charla sobre la prevenci\u00f3n del C\u00e1ncer de Mama"},"content":{"rendered":"<div class=\"wp-block-image\">\n<figure class=\"aligncenter size-large\"><img fetchpriority=\"high\" decoding=\"async\" width=\"1024\" height=\"602\" src=\"https:\/\/www.sundde.gob.ve\/wp-content\/uploads\/2024\/10\/IMG-20241025-WA00191-1024x602.jpg\" alt=\"\" class=\"wp-image-32538\" srcset=\"https:\/\/www.sundde.gob.ve\/wp-content\/uploads\/2024\/10\/IMG-20241025-WA00191-1024x602.jpg 1024w, https:\/\/www.sundde.gob.ve\/wp-content\/uploads\/2024\/10\/IMG-20241025-WA00191-300x176.jpg 300w, https:\/\/www.sundde.gob.ve\/wp-content\/uploads\/2024\/10\/IMG-20241025-WA00191-768x452.jpg 768w, https:\/\/www.sundde.gob.ve\/wp-content\/uploads\/2024\/10\/IMG-20241025-WA00191-1140x671.jpg 1140w, https:\/\/www.sundde.gob.ve\/wp-content\/uploads\/2024\/10\/IMG-20241025-WA00191.jpg 1280w\" sizes=\"(max-width: 1024px) 100vw, 1024px\" \/><\/figure>\n<\/div>\n\n\n<p>Como parte de las acciones en conmemoraci\u00f3n del Mes Rosa, trabajadoras y trabajadores pertenecientes a la Superintendencia Nacional para la Defensa de los Derechos Socioecon\u00f3micos (Sundde), recibieron una charla con el fin de crear conciencia y promover el diagn\u00f3stico temprano del C\u00e1ncer de Mama.<\/p>\n\n\n\n<p>Dicha charla fue dictada por la doctora Mar\u00eda Escalona, especialista en Ginecolog\u00eda y Obstetricia, quien ofreci\u00f3 informaci\u00f3n fundamental del Mes de Sensibilizaci\u00f3n, se\u00f1alando los factores de riesgo y los s\u00edntomas para lograr la detecci\u00f3n precoz y un tratamiento eficaz.<\/p>\n\n\n\n<p>Escalona detall\u00f3 que el c\u00e1ncer comienza en los tejidos mamarios y existen dos tipos principales de c\u00e1ncer de mama:<\/p>\n\n\n\n<ul class=\"wp-block-list\">\n<li>El carcinoma ductal que empieza en los tubos (conductos) que llevan leche desde la mama hasta el pez\u00f3n. La mayor\u00eda de los c\u00e1nceres de mama son de este tipo.<\/li>\n\n\n\n<li>El carcinoma lobular comienza en partes de las mamas, llamadas l\u00f3bulos, que producen leche.<\/li>\n<\/ul>\n\n\n\n<p>Tambi\u00e9n le dio a los asistentes las t\u00e9cnicas y herramientas para realizarse el autoexamen, ya que es una de las mejores formas de prevenci\u00f3n y permite la detecci\u00f3n temprana de la enfermedad, que no solo queja a mujeres, tambi\u00e9n es com\u00fan en hombres.<br>\u201cLa doctora nos dio bastante informaci\u00f3n, se aclararon muchas dudas y fue bastante fruct\u00edfera la charla\u201d, declar\u00f3 G\u00e9nesis Garc\u00eda, trabajadora de la instituci\u00f3n.<\/p>\n\n\n<div class=\"wp-block-image\">\n<figure class=\"aligncenter size-large\"><img decoding=\"async\" width=\"1024\" height=\"853\" src=\"https:\/\/www.sundde.gob.ve\/wp-content\/uploads\/2024\/10\/IMG-20241025-WA0026-1024x853.jpg\" alt=\"\" class=\"wp-image-32544\" srcset=\"https:\/\/www.sundde.gob.ve\/wp-content\/uploads\/2024\/10\/IMG-20241025-WA0026-1024x853.jpg 1024w, https:\/\/www.sundde.gob.ve\/wp-content\/uploads\/2024\/10\/IMG-20241025-WA0026-300x250.jpg 300w, https:\/\/www.sundde.gob.ve\/wp-content\/uploads\/2024\/10\/IMG-20241025-WA0026-768x640.jpg 768w, https:\/\/www.sundde.gob.ve\/wp-content\/uploads\/2024\/10\/IMG-20241025-WA0026-1140x949.jpg 1140w, https:\/\/www.sundde.gob.ve\/wp-content\/uploads\/2024\/10\/IMG-20241025-WA0026.jpg 1280w\" sizes=\"(max-width: 1024px) 100vw, 1024px\" \/><\/figure>\n<\/div>\n\n\n<figure class=\"wp-block-gallery has-nested-images columns-default is-cropped wp-block-gallery-1 is-layout-flex wp-block-gallery-is-layout-flex\">\n<figure class=\"wp-block-image size-large\"><img decoding=\"async\" width=\"1024\" height=\"658\" data-id=\"32539\" src=\"https:\/\/www.sundde.gob.ve\/wp-content\/uploads\/2024\/10\/IMG-20241025-WA0023-1024x658.jpg\" alt=\"\" class=\"wp-image-32539\" srcset=\"https:\/\/www.sundde.gob.ve\/wp-content\/uploads\/2024\/10\/IMG-20241025-WA0023-1024x658.jpg 1024w, https:\/\/www.sundde.gob.ve\/wp-content\/uploads\/2024\/10\/IMG-20241025-WA0023-300x193.jpg 300w, https:\/\/www.sundde.gob.ve\/wp-content\/uploads\/2024\/10\/IMG-20241025-WA0023-768x494.jpg 768w, https:\/\/www.sundde.gob.ve\/wp-content\/uploads\/2024\/10\/IMG-20241025-WA0023-1140x733.jpg 1140w, https:\/\/www.sundde.gob.ve\/wp-content\/uploads\/2024\/10\/IMG-20241025-WA0023.jpg 1280w\" sizes=\"(max-width: 1024px) 100vw, 1024px\" \/><\/figure>\n\n\n\n<figure class=\"wp-block-image size-large\"><img loading=\"lazy\" decoding=\"async\" width=\"1024\" height=\"713\" data-id=\"32540\" src=\"https:\/\/www.sundde.gob.ve\/wp-content\/uploads\/2024\/10\/IMG-20241025-WA0021-1024x713.jpg\" alt=\"\" class=\"wp-image-32540\" srcset=\"https:\/\/www.sundde.gob.ve\/wp-content\/uploads\/2024\/10\/IMG-20241025-WA0021-1024x713.jpg 1024w, https:\/\/www.sundde.gob.ve\/wp-content\/uploads\/2024\/10\/IMG-20241025-WA0021-300x209.jpg 300w, https:\/\/www.sundde.gob.ve\/wp-content\/uploads\/2024\/10\/IMG-20241025-WA0021-768x535.jpg 768w, https:\/\/www.sundde.gob.ve\/wp-content\/uploads\/2024\/10\/IMG-20241025-WA0021-1140x794.jpg 1140w, https:\/\/www.sundde.gob.ve\/wp-content\/uploads\/2024\/10\/IMG-20241025-WA0021.jpg 1280w\" sizes=\"(max-width: 1024px) 100vw, 1024px\" \/><\/figure>\n\n\n\n<figure class=\"wp-block-image size-large\"><img loading=\"lazy\" decoding=\"async\" width=\"1024\" height=\"994\" data-id=\"32545\" src=\"https:\/\/www.sundde.gob.ve\/wp-content\/uploads\/2024\/10\/IMG-20241025-WA0028-1024x994.jpg\" alt=\"\" class=\"wp-image-32545\" srcset=\"https:\/\/www.sundde.gob.ve\/wp-content\/uploads\/2024\/10\/IMG-20241025-WA0028-1024x994.jpg 1024w, https:\/\/www.sundde.gob.ve\/wp-content\/uploads\/2024\/10\/IMG-20241025-WA0028-300x291.jpg 300w, https:\/\/www.sundde.gob.ve\/wp-content\/uploads\/2024\/10\/IMG-20241025-WA0028-768x745.jpg 768w, https:\/\/www.sundde.gob.ve\/wp-content\/uploads\/2024\/10\/IMG-20241025-WA0028-1140x1106.jpg 1140w, https:\/\/www.sundde.gob.ve\/wp-content\/uploads\/2024\/10\/IMG-20241025-WA0028.jpg 1280w\" sizes=\"(max-width: 1024px) 100vw, 1024px\" \/><\/figure>\n\n\n\n<figure class=\"wp-block-image size-large\"><img loading=\"lazy\" decoding=\"async\" width=\"1024\" height=\"564\" data-id=\"32541\" src=\"https:\/\/www.sundde.gob.ve\/wp-content\/uploads\/2024\/10\/IMG-20241025-WA0025-1024x564.jpg\" alt=\"\" class=\"wp-image-32541\" srcset=\"https:\/\/www.sundde.gob.ve\/wp-content\/uploads\/2024\/10\/IMG-20241025-WA0025-1024x564.jpg 1024w, https:\/\/www.sundde.gob.ve\/wp-content\/uploads\/2024\/10\/IMG-20241025-WA0025-300x165.jpg 300w, https:\/\/www.sundde.gob.ve\/wp-content\/uploads\/2024\/10\/IMG-20241025-WA0025-768x423.jpg 768w, https:\/\/www.sundde.gob.ve\/wp-content\/uploads\/2024\/10\/IMG-20241025-WA0025-1140x628.jpg 1140w, https:\/\/www.sundde.gob.ve\/wp-content\/uploads\/2024\/10\/IMG-20241025-WA0025.jpg 1280w\" sizes=\"(max-width: 1024px) 100vw, 1024px\" \/><\/figure>\n\n\n\n<figure class=\"wp-block-image size-large\"><img loading=\"lazy\" decoding=\"async\" width=\"1024\" height=\"635\" data-id=\"32542\" src=\"https:\/\/www.sundde.gob.ve\/wp-content\/uploads\/2024\/10\/IMG-20241025-WA0020-1024x635.jpg\" alt=\"\" class=\"wp-image-32542\" srcset=\"https:\/\/www.sundde.gob.ve\/wp-content\/uploads\/2024\/10\/IMG-20241025-WA0020-1024x635.jpg 1024w, https:\/\/www.sundde.gob.ve\/wp-content\/uploads\/2024\/10\/IMG-20241025-WA0020-300x186.jpg 300w, https:\/\/www.sundde.gob.ve\/wp-content\/uploads\/2024\/10\/IMG-20241025-WA0020-768x476.jpg 768w, https:\/\/www.sundde.gob.ve\/wp-content\/uploads\/2024\/10\/IMG-20241025-WA0020-1140x707.jpg 1140w, https:\/\/www.sundde.gob.ve\/wp-content\/uploads\/2024\/10\/IMG-20241025-WA0020.jpg 1280w\" sizes=\"(max-width: 1024px) 100vw, 1024px\" \/><\/figure>\n<\/figure>\n\n\n\n<p>Por otra parte, Elisa Da Silva, expres\u00f3 su agradecimiento al Ministerio de Comercio Nacional por brindar dicha iniciativa. \u201cA nivel ministerial, excelente, toda mujer debe tener el contenido y el desarrollo de lo que estamos viviendo hoy en d\u00eda, esta es una pauta diaria porque debemos tener conciencia y cuidar nuestro cuerpo\u201d. Me parece que esta es una iniciativa que deber\u00eda propagarse a\u00fan m\u00e1s con diferentes charlas y asistencia m\u00e9dica, es decir ir a un nuevo nivel\u201d, declar\u00f3.<\/p>\n\n\n\n<p>Con estas actividades del Mes Rosa, la Sundde ratifica su compromiso con el bienestar integral de su equipo de trabajo creando espacios seguros donde se compartan experiencias y se sigan promoviendo todas las herramientas posibles para la prevenci\u00f3n, diagn\u00f3stico temprano y tratamiento de la enfermedad.<\/p>\n\n\n\n<p><\/p>\n\n\n\n<p><strong>Prensa: Sundde<\/strong>.<\/p>\n","protected":false},"excerpt":{"rendered":"<p>Como parte de las acciones en conmemoraci\u00f3n del Mes Rosa, trabajadoras y trabajadores pertenecientes a la Superintendencia Nacional para la Defensa de los Derechos Socioecon\u00f3micos (Sundde), recibieron una charla con el fin de crear conciencia y promover el diagn\u00f3stico temprano del C\u00e1ncer de Mama. Dicha charla fue dictada por la doctora Mar\u00eda Escalona, especialista en Ginecolog\u00eda y Obstetricia, quien ofreci\u00f3 informaci\u00f3n fundamental del Mes de Sensibilizaci\u00f3n, se\u00f1alando los factores de riesgo y los s\u00edntomas para lograr la detecci\u00f3n precoz y un tratamiento eficaz. Escalona detall\u00f3 que el c\u00e1ncer comienza en los tejidos mamarios y existen dos tipos principales de c\u00e1ncer de mama: Tambi\u00e9n le dio a los asistentes las t\u00e9cnicas y herramientas para realizarse el autoexamen, ya que es una de las mejores formas de prevenci\u00f3n y permite la detecci\u00f3n temprana de la enfermedad, que no solo queja a mujeres, tambi\u00e9n es com\u00fan en hombres.\u201cLa doctora nos dio bastante informaci\u00f3n, se aclararon muchas dudas y fue bastante fruct\u00edfera la charla\u201d, declar\u00f3 G\u00e9nesis Garc\u00eda, trabajadora de la instituci\u00f3n. Por otra parte, Elisa Da Silva, expres\u00f3 su agradecimiento al Ministerio de Comercio Nacional por brindar dicha iniciativa. \u201cA nivel ministerial, excelente, toda mujer debe tener el contenido y el desarrollo de lo que estamos viviendo hoy en d\u00eda, esta es una pauta diaria porque debemos tener conciencia y cuidar nuestro cuerpo\u201d. Me parece que esta es una iniciativa que deber\u00eda propagarse a\u00fan m\u00e1s con diferentes charlas y asistencia m\u00e9dica, es decir ir a un nuevo nivel\u201d, declar\u00f3. Con estas actividades del Mes Rosa, la Sundde ratifica su compromiso con el bienestar integral de su equipo de trabajo creando espacios seguros donde se compartan experiencias y se sigan promoviendo todas las herramientas posibles para la prevenci\u00f3n, diagn\u00f3stico temprano y tratamiento de la enfermedad. Prensa: Sundde.<\/p>\n","protected":false},"author":5,"featured_media":32538,"comment_status":"closed","ping_status":"","sticky":false,"template":"","format":"standard","meta":{"_monsterinsights_skip_tracking":false,"_monsterinsights_sitenote_active":false,"_monsterinsights_sitenote_note":"","_monsterinsights_sitenote_category":0,"footnotes":""},"categories":[4],"tags":[],"class_list":["post-32537","post","type-post","status-publish","format-standard","has-post-thumbnail","hentry","category-noticias"],"_links":{"self":[{"href":"https:\/\/www.sundde.gob.ve\/index.php?rest_route=\/wp\/v2\/posts\/32537","targetHints":{"allow":["GET"]}}],"collection":[{"href":"https:\/\/www.sundde.gob.ve\/index.php?rest_route=\/wp\/v2\/posts"}],"about":[{"href":"https:\/\/www.sundde.gob.ve\/index.php?rest_route=\/wp\/v2\/types\/post"}],"author":[{"embeddable":true,"href":"https:\/\/www.sundde.gob.ve\/index.php?rest_route=\/wp\/v2\/users\/5"}],"replies":[{"embeddable":true,"href":"https:\/\/www.sundde.gob.ve\/index.php?rest_route=%2Fwp%2Fv2%2Fcomments&post=32537"}],"version-history":[{"count":4,"href":"https:\/\/www.sundde.gob.ve\/index.php?rest_route=\/wp\/v2\/posts\/32537\/revisions"}],"predecessor-version":[{"id":32644,"href":"https:\/\/www.sundde.gob.ve\/index.php?rest_route=\/wp\/v2\/posts\/32537\/revisions\/32644"}],"wp:featuredmedia":[{"embeddable":true,"href":"https:\/\/www.sundde.gob.ve\/index.php?rest_route=\/wp\/v2\/media\/32538"}],"wp:attachment":[{"href":"https:\/\/www.sundde.gob.ve\/index.php?rest_route=%2Fwp%2Fv2%2Fmedia&parent=32537"}],"wp:term":[{"taxonomy":"category","embeddable":true,"href":"https:\/\/www.sundde.gob.ve\/index.php?rest_route=%2Fwp%2Fv2%2Fcategories&post=32537"},{"taxonomy":"post_tag","embeddable":true,"href":"https:\/\/www.sundde.gob.ve\/index.php?rest_route=%2Fwp%2Fv2%2Ftags&post=32537"}],"curies":[{"name":"wp","href":"https:\/\/api.w.org\/{rel}","templated":true}]}}