{"id":32617,"date":"2024-10-28T03:40:50","date_gmt":"2024-10-28T03:40:50","guid":{"rendered":"https:\/\/www.sundde.gob.ve\/?p=32617"},"modified":"2024-10-30T16:34:20","modified_gmt":"2024-10-30T16:34:20","slug":"venezuela-experimento-un-crecimiento-en-exportaciones-no-petroleras","status":"publish","type":"post","link":"https:\/\/www.sundde.gob.ve\/?p=32617","title":{"rendered":"Venezuela experiment\u00f3 un crecimiento en exportaciones no petroleras"},"content":{"rendered":"<div class=\"wp-block-image\">\n<figure class=\"aligncenter size-full\"><img fetchpriority=\"high\" decoding=\"async\" width=\"800\" height=\"550\" src=\"https:\/\/www.sundde.gob.ve\/wp-content\/uploads\/2024\/10\/IMG_20241028_221311_839-2.jpg\" alt=\"\" class=\"wp-image-32618\" srcset=\"https:\/\/www.sundde.gob.ve\/wp-content\/uploads\/2024\/10\/IMG_20241028_221311_839-2.jpg 800w, https:\/\/www.sundde.gob.ve\/wp-content\/uploads\/2024\/10\/IMG_20241028_221311_839-2-300x206.jpg 300w, https:\/\/www.sundde.gob.ve\/wp-content\/uploads\/2024\/10\/IMG_20241028_221311_839-2-768x528.jpg 768w\" sizes=\"(max-width: 800px) 100vw, 800px\" \/><\/figure>\n<\/div>\n\n\n<p>Durante el programa Con Maduro +, el Presidente Nicol\u00e1s Maduro destac\u00f3 que Venezuela est\u00e1 en proceso de renacer econ\u00f3micamente tras seis a\u00f1os de sanciones y guerra econ\u00f3mica. Afirm\u00f3 que el pa\u00eds se est\u00e1 preparando para exportar productos m\u00e1s all\u00e1 del petr\u00f3leo, instando a los empresarios a aprovechar las oportunidades de crecimiento.<\/p>\n\n\n\n<p>\u201cTras seis a\u00f1os de sanciones y guerra econ\u00f3mica que llevaron la producci\u00f3n a cero, el pa\u00eds est\u00e1 experimentando un renacer econ\u00f3mico. Tenemos que fijar en c\u00f3mo podemos abastecer el mercado internacional e insto a construir una Venezuela que exporta y que vaya m\u00e1s all\u00e1 del petr\u00f3leo, como lo estamos haciendo, paso a paso\u201d, enfatiz\u00f3 el Presidente Nicol\u00e1s Maduro.<\/p>\n\n\n\n<p>El Mandatario Nacional garantiz\u00f3 el apoyo del Gobierno Bolivariano a los actores econ\u00f3micos, ofreciendo cr\u00e9ditos para fomentar el desarrollo de empresas y la producci\u00f3n nacional, \u201cgarantizo cr\u00e9ditos para los productores, empresarios y emprendedores del pa\u00eds para seguir con el impulso de los productos nacionales y con el crecimiento econ\u00f3mico\u201d.<\/p>\n\n\n\n<p>Por su parte, el Ministro de Industria y Producci\u00f3n Nacional, Alex Saab, a\u00f1adi\u00f3 que Venezuela ha logrado exportar alrededor de 8 mil millones de d\u00f3lares en productos no petroleros, gracias a un plan de sustituci\u00f3n de importaciones que busca reducir la salida de divisas.<\/p>\n\n\n\n<p>Adem\u00e1s, Daniella Cabello, Presidenta de la Agencia de Promoci\u00f3n de Exportaciones, inform\u00f3 sobre la exportaci\u00f3n de 140 toneladas de Tajal\u00ed a China, destacando la campa\u00f1a \u00abHecho en Venezuela\u00bb y la colaboraci\u00f3n con la empresa Pacific Sea Food.<\/p>\n\n\n\n<p>El Presidente Maduro pronostic\u00f3 un futuro econ\u00f3mico s\u00f3lido para Venezuela, basado en la creaci\u00f3n de riqueza y la recuperaci\u00f3n de derechos constitucionales y sociales.<\/p>\n\n\n\n<p><\/p>\n\n\n\n<p><strong>Anuncios de Impacto<\/strong><\/p>\n\n\n\n<p>\u2714\ufe0fAfirm\u00f3 que estudi\u00f3 la Agenda Concreta de Acci\u00f3n en la que se recopilaron propuestas en asambleas con el Poder Popular, para presentar el Plan de Acci\u00f3n y Transformaciones del pa\u00eds, en el Gran Congreso de las 5 Generaciones.<\/p>\n\n\n\n<p>\u2714\ufe0fDefini\u00f3 la pol\u00edtica internacional de Venezuela como antiimperialista, anticolonialista y que busca la construcci\u00f3n de un mundo sin hegemon\u00eda.<\/p>\n\n\n\n<p>\u2714\ufe0fVenezuela es ejemplo de resistencia, lucha, perseverancia y de construcci\u00f3n permanente, haciendo la historia. El mundo quiere a los que luchan y jam\u00e1s estar\u00e1 con los cobardes.<\/p>\n\n\n\n<p>\u2714\ufe0fEnalteci\u00f3 el trabajo de la Asamblea Nacional en la reforma de las Leyes Electorales, para actualizarlas a los nuevos tiempos de Venezuela y el mundo.<\/p>\n\n\n\n<p>\u2714\ufe0fAnunci\u00f3 que Venezuela se est\u00e1 preparando para la participaci\u00f3n en la Feria Internacional de la Econom\u00eda en La Habana, Shangh\u00e1i y en T\u00fcrkiye.<\/p>\n\n\n\n<p>\u2714\ufe0fAsegur\u00f3 que la Gran Misi\u00f3n Ciencia, Tecnolog\u00eda e Innovaci\u00f3n \u00abDr. Humberto Fern\u00e1ndez-Mor\u00e1n\u00bb est\u00e1 dando sus frutos, y con la Universidad de las Ciencias daremos un salto cualitativo para el desarrollo del pa\u00eds.<\/p>\n\n\n\n<p>\u2714\ufe0fInst\u00f3 al pueblo a prepararse para los pr\u00f3ximos eventos electorales en el pa\u00eds.<\/p>\n\n\n\n<figure class=\"wp-block-gallery has-nested-images columns-default is-cropped wp-block-gallery-1 is-layout-flex wp-block-gallery-is-layout-flex\">\n<figure class=\"wp-block-image size-large\"><img decoding=\"async\" width=\"1024\" height=\"682\" data-id=\"32619\" src=\"https:\/\/www.sundde.gob.ve\/wp-content\/uploads\/2024\/10\/IMG_20241028_221243_840-1024x682.jpg\" alt=\"\" class=\"wp-image-32619\" srcset=\"https:\/\/www.sundde.gob.ve\/wp-content\/uploads\/2024\/10\/IMG_20241028_221243_840-1024x682.jpg 1024w, https:\/\/www.sundde.gob.ve\/wp-content\/uploads\/2024\/10\/IMG_20241028_221243_840-300x200.jpg 300w, https:\/\/www.sundde.gob.ve\/wp-content\/uploads\/2024\/10\/IMG_20241028_221243_840-768x512.jpg 768w, https:\/\/www.sundde.gob.ve\/wp-content\/uploads\/2024\/10\/IMG_20241028_221243_840-1140x760.jpg 1140w, https:\/\/www.sundde.gob.ve\/wp-content\/uploads\/2024\/10\/IMG_20241028_221243_840.jpg 1280w\" sizes=\"(max-width: 1024px) 100vw, 1024px\" \/><\/figure>\n\n\n\n<figure class=\"wp-block-image size-large\"><img decoding=\"async\" width=\"1024\" height=\"682\" data-id=\"32622\" src=\"https:\/\/www.sundde.gob.ve\/wp-content\/uploads\/2024\/10\/IMG_20241028_221242_967-1024x682.jpg\" alt=\"\" class=\"wp-image-32622\" srcset=\"https:\/\/www.sundde.gob.ve\/wp-content\/uploads\/2024\/10\/IMG_20241028_221242_967-1024x682.jpg 1024w, https:\/\/www.sundde.gob.ve\/wp-content\/uploads\/2024\/10\/IMG_20241028_221242_967-300x200.jpg 300w, https:\/\/www.sundde.gob.ve\/wp-content\/uploads\/2024\/10\/IMG_20241028_221242_967-768x512.jpg 768w, https:\/\/www.sundde.gob.ve\/wp-content\/uploads\/2024\/10\/IMG_20241028_221242_967-1140x760.jpg 1140w, https:\/\/www.sundde.gob.ve\/wp-content\/uploads\/2024\/10\/IMG_20241028_221242_967.jpg 1280w\" sizes=\"(max-width: 1024px) 100vw, 1024px\" \/><\/figure>\n\n\n\n<figure class=\"wp-block-image size-large\"><img loading=\"lazy\" decoding=\"async\" width=\"1024\" height=\"682\" data-id=\"32621\" src=\"https:\/\/www.sundde.gob.ve\/wp-content\/uploads\/2024\/10\/IMG_20241028_221303_054-1024x682.jpg\" alt=\"\" class=\"wp-image-32621\" srcset=\"https:\/\/www.sundde.gob.ve\/wp-content\/uploads\/2024\/10\/IMG_20241028_221303_054-1024x682.jpg 1024w, https:\/\/www.sundde.gob.ve\/wp-content\/uploads\/2024\/10\/IMG_20241028_221303_054-300x200.jpg 300w, https:\/\/www.sundde.gob.ve\/wp-content\/uploads\/2024\/10\/IMG_20241028_221303_054-768x512.jpg 768w, https:\/\/www.sundde.gob.ve\/wp-content\/uploads\/2024\/10\/IMG_20241028_221303_054-1140x760.jpg 1140w, https:\/\/www.sundde.gob.ve\/wp-content\/uploads\/2024\/10\/IMG_20241028_221303_054.jpg 1280w\" sizes=\"(max-width: 1024px) 100vw, 1024px\" \/><\/figure>\n\n\n\n<figure class=\"wp-block-image size-large\"><img loading=\"lazy\" decoding=\"async\" width=\"1024\" height=\"683\" data-id=\"32620\" src=\"https:\/\/www.sundde.gob.ve\/wp-content\/uploads\/2024\/10\/IMG_20241028_221404_706-1024x683.jpg\" alt=\"\" class=\"wp-image-32620\" srcset=\"https:\/\/www.sundde.gob.ve\/wp-content\/uploads\/2024\/10\/IMG_20241028_221404_706-1024x683.jpg 1024w, https:\/\/www.sundde.gob.ve\/wp-content\/uploads\/2024\/10\/IMG_20241028_221404_706-300x200.jpg 300w, https:\/\/www.sundde.gob.ve\/wp-content\/uploads\/2024\/10\/IMG_20241028_221404_706-768x512.jpg 768w, https:\/\/www.sundde.gob.ve\/wp-content\/uploads\/2024\/10\/IMG_20241028_221404_706.jpg 1080w\" sizes=\"(max-width: 1024px) 100vw, 1024px\" \/><\/figure>\n<\/figure>\n\n\n\n<p><strong>Prensa: Ministerio del Poder Popular de Comercio Nacional.<\/strong><\/p>\n","protected":false},"excerpt":{"rendered":"<p>Durante el programa Con Maduro +, el Presidente Nicol\u00e1s Maduro destac\u00f3 que Venezuela est\u00e1 en proceso de renacer econ\u00f3micamente tras seis a\u00f1os de sanciones y guerra econ\u00f3mica. Afirm\u00f3 que el pa\u00eds se est\u00e1 preparando para exportar productos m\u00e1s all\u00e1 del petr\u00f3leo, instando a los empresarios a aprovechar las oportunidades de crecimiento. \u201cTras seis a\u00f1os de sanciones y guerra econ\u00f3mica que llevaron la producci\u00f3n a cero, el pa\u00eds est\u00e1 experimentando un renacer econ\u00f3mico. Tenemos que fijar en c\u00f3mo podemos abastecer el mercado internacional e insto a construir una Venezuela que exporta y que vaya m\u00e1s all\u00e1 del petr\u00f3leo, como lo estamos haciendo, paso a paso\u201d, enfatiz\u00f3 el Presidente Nicol\u00e1s Maduro. El Mandatario Nacional garantiz\u00f3 el apoyo del Gobierno Bolivariano a los actores econ\u00f3micos, ofreciendo cr\u00e9ditos para fomentar el desarrollo de empresas y la producci\u00f3n nacional, \u201cgarantizo cr\u00e9ditos para los productores, empresarios y emprendedores del pa\u00eds para seguir con el impulso de los productos nacionales y con el crecimiento econ\u00f3mico\u201d. Por su parte, el Ministro de Industria y Producci\u00f3n Nacional, Alex Saab, a\u00f1adi\u00f3 que Venezuela ha logrado exportar alrededor de 8 mil millones de d\u00f3lares en productos no petroleros, gracias a un plan de sustituci\u00f3n de importaciones que busca reducir la salida de divisas. Adem\u00e1s, Daniella Cabello, Presidenta de la Agencia de Promoci\u00f3n de Exportaciones, inform\u00f3 sobre la exportaci\u00f3n de 140 toneladas de Tajal\u00ed a China, destacando la campa\u00f1a \u00abHecho en Venezuela\u00bb y la colaboraci\u00f3n con la empresa Pacific Sea Food. El Presidente Maduro pronostic\u00f3 un futuro econ\u00f3mico s\u00f3lido para Venezuela, basado en la creaci\u00f3n de riqueza y la recuperaci\u00f3n de derechos constitucionales y sociales. Anuncios de Impacto \u2714\ufe0fAfirm\u00f3 que estudi\u00f3 la Agenda Concreta de Acci\u00f3n en la que se recopilaron propuestas en asambleas con el Poder Popular, para presentar el Plan de Acci\u00f3n y Transformaciones del pa\u00eds, en el Gran Congreso de las 5 Generaciones. \u2714\ufe0fDefini\u00f3 la pol\u00edtica internacional de Venezuela como antiimperialista, anticolonialista y que busca la construcci\u00f3n de un mundo sin hegemon\u00eda. \u2714\ufe0fVenezuela es ejemplo de resistencia, lucha, perseverancia y de construcci\u00f3n permanente, haciendo la historia. El mundo quiere a los que luchan y jam\u00e1s estar\u00e1 con los cobardes. \u2714\ufe0fEnalteci\u00f3 el trabajo de la Asamblea Nacional en la reforma de las Leyes Electorales, para actualizarlas a los nuevos tiempos de Venezuela y el mundo. \u2714\ufe0fAnunci\u00f3 que Venezuela se est\u00e1 preparando para la participaci\u00f3n en la Feria Internacional de la Econom\u00eda en La Habana, Shangh\u00e1i y en T\u00fcrkiye. \u2714\ufe0fAsegur\u00f3 que la Gran Misi\u00f3n Ciencia, Tecnolog\u00eda e Innovaci\u00f3n \u00abDr. Humberto Fern\u00e1ndez-Mor\u00e1n\u00bb est\u00e1 dando sus frutos, y con la Universidad de las Ciencias daremos un salto cualitativo para el desarrollo del pa\u00eds. \u2714\ufe0fInst\u00f3 al pueblo a prepararse para los pr\u00f3ximos eventos electorales en el pa\u00eds. Prensa: Ministerio del Poder Popular de Comercio Nacional.<\/p>\n","protected":false},"author":5,"featured_media":32618,"comment_status":"closed","ping_status":"","sticky":false,"template":"","format":"standard","meta":{"_monsterinsights_skip_tracking":false,"_monsterinsights_sitenote_active":false,"_monsterinsights_sitenote_note":"","_monsterinsights_sitenote_category":0,"footnotes":""},"categories":[4],"tags":[],"class_list":["post-32617","post","type-post","status-publish","format-standard","has-post-thumbnail","hentry","category-noticias"],"_links":{"self":[{"href":"https:\/\/www.sundde.gob.ve\/index.php?rest_route=\/wp\/v2\/posts\/32617","targetHints":{"allow":["GET"]}}],"collection":[{"href":"https:\/\/www.sundde.gob.ve\/index.php?rest_route=\/wp\/v2\/posts"}],"about":[{"href":"https:\/\/www.sundde.gob.ve\/index.php?rest_route=\/wp\/v2\/types\/post"}],"author":[{"embeddable":true,"href":"https:\/\/www.sundde.gob.ve\/index.php?rest_route=\/wp\/v2\/users\/5"}],"replies":[{"embeddable":true,"href":"https:\/\/www.sundde.gob.ve\/index.php?rest_route=%2Fwp%2Fv2%2Fcomments&post=32617"}],"version-history":[{"count":3,"href":"https:\/\/www.sundde.gob.ve\/index.php?rest_route=\/wp\/v2\/posts\/32617\/revisions"}],"predecessor-version":[{"id":32645,"href":"https:\/\/www.sundde.gob.ve\/index.php?rest_route=\/wp\/v2\/posts\/32617\/revisions\/32645"}],"wp:featuredmedia":[{"embeddable":true,"href":"https:\/\/www.sundde.gob.ve\/index.php?rest_route=\/wp\/v2\/media\/32618"}],"wp:attachment":[{"href":"https:\/\/www.sundde.gob.ve\/index.php?rest_route=%2Fwp%2Fv2%2Fmedia&parent=32617"}],"wp:term":[{"taxonomy":"category","embeddable":true,"href":"https:\/\/www.sundde.gob.ve\/index.php?rest_route=%2Fwp%2Fv2%2Fcategories&post=32617"},{"taxonomy":"post_tag","embeddable":true,"href":"https:\/\/www.sundde.gob.ve\/index.php?rest_route=%2Fwp%2Fv2%2Ftags&post=32617"}],"curies":[{"name":"wp","href":"https:\/\/api.w.org\/{rel}","templated":true}]}}