{"id":32844,"date":"2024-11-05T12:58:40","date_gmt":"2024-11-05T12:58:40","guid":{"rendered":"https:\/\/www.sundde.gob.ve\/?p=32844"},"modified":"2024-11-05T12:58:40","modified_gmt":"2024-11-05T12:58:40","slug":"feria-internacional-de-la-habana-2024-abre-sus-puertas-en-la-expocuba","status":"publish","type":"post","link":"https:\/\/www.sundde.gob.ve\/?p=32844","title":{"rendered":"Feria Internacional de La Habana 2024 abre sus puertas en la ExpoCuba"},"content":{"rendered":"<div class=\"wp-block-image\">\n<figure class=\"aligncenter size-large\"><img fetchpriority=\"high\" decoding=\"async\" width=\"1024\" height=\"768\" src=\"https:\/\/www.sundde.gob.ve\/wp-content\/uploads\/2024\/11\/IMG-20241104-WA0238-1024x768.jpg\" alt=\"\" class=\"wp-image-32845\" srcset=\"https:\/\/www.sundde.gob.ve\/wp-content\/uploads\/2024\/11\/IMG-20241104-WA0238-1024x768.jpg 1024w, https:\/\/www.sundde.gob.ve\/wp-content\/uploads\/2024\/11\/IMG-20241104-WA0238-300x225.jpg 300w, https:\/\/www.sundde.gob.ve\/wp-content\/uploads\/2024\/11\/IMG-20241104-WA0238-768x576.jpg 768w, https:\/\/www.sundde.gob.ve\/wp-content\/uploads\/2024\/11\/IMG-20241104-WA0238-1536x1152.jpg 1536w, https:\/\/www.sundde.gob.ve\/wp-content\/uploads\/2024\/11\/IMG-20241104-WA0238-2048x1536.jpg 2048w, https:\/\/www.sundde.gob.ve\/wp-content\/uploads\/2024\/11\/IMG-20241104-WA0238-1140x855.jpg 1140w\" sizes=\"(max-width: 1024px) 100vw, 1024px\" \/><\/figure>\n<\/div>\n\n\n<p>Este lunes, fue inaugurada la 40 Feria Internacional de La Habana (Fihav) 2024, en la ExpoCuba, un evento que re\u00fane a representantes de aproximadamente 50 pa\u00edses. La apertura cont\u00f3 con la presencia del primer secretario del Comit\u00e9 Central del Partido Comunista y presidente de la Rep\u00fablica, Miguel D\u00edaz-Canel Berm\u00fadez, quien destac\u00f3 la importancia de este certamen para el desarrollo econ\u00f3mico y comercial del pa\u00eds.<\/p>\n\n\n\n<p>Se trata del evento empresarial m\u00e1s relevante en Cuba, y cuenta con la participaci\u00f3n destacada de delegaciones oficiales de pa\u00edses como Angola, Belar\u00fas, Brasil, Colombia, Espa\u00f1a, Honduras, Ir\u00e1n, M\u00e9xico, Mozambique, Namibia, Panam\u00e1, Portugal, Rep\u00fablica Checa, Rep\u00fablica Democr\u00e1tica del Congo, Rep\u00fablica Dominicana, Rusia, Santa Luc\u00eda, Sierra Leona y Venezuela. Asimismo, asisten la representaci\u00f3n del Sistema Econ\u00f3mico Latinoamericano y del Caribe (SELA) y entidades promotoras del comercio y las inversiones.<\/p>\n\n\n\n<p>La Rep\u00fablica Bolivariana de Venezuela dispone de una exhibici\u00f3n que es vitrina de productos y rubros aut\u00f3ctonos con sello de calidad de exportaci\u00f3n y con caracter\u00edsticas \u00fanicas.<\/p>\n\n\n\n<figure class=\"wp-block-gallery has-nested-images columns-default is-cropped wp-block-gallery-1 is-layout-flex wp-block-gallery-is-layout-flex\">\n<figure class=\"wp-block-image size-large\"><img decoding=\"async\" width=\"576\" height=\"1024\" data-id=\"32846\" src=\"https:\/\/www.sundde.gob.ve\/wp-content\/uploads\/2024\/11\/IMG-20241104-WA0106-576x1024.jpg\" alt=\"\" class=\"wp-image-32846\" srcset=\"https:\/\/www.sundde.gob.ve\/wp-content\/uploads\/2024\/11\/IMG-20241104-WA0106-576x1024.jpg 576w, https:\/\/www.sundde.gob.ve\/wp-content\/uploads\/2024\/11\/IMG-20241104-WA0106-169x300.jpg 169w, https:\/\/www.sundde.gob.ve\/wp-content\/uploads\/2024\/11\/IMG-20241104-WA0106-768x1365.jpg 768w, https:\/\/www.sundde.gob.ve\/wp-content\/uploads\/2024\/11\/IMG-20241104-WA0106-864x1536.jpg 864w, https:\/\/www.sundde.gob.ve\/wp-content\/uploads\/2024\/11\/IMG-20241104-WA0106-1152x2048.jpg 1152w, https:\/\/www.sundde.gob.ve\/wp-content\/uploads\/2024\/11\/IMG-20241104-WA0106-1140x2027.jpg 1140w, https:\/\/www.sundde.gob.ve\/wp-content\/uploads\/2024\/11\/IMG-20241104-WA0106.jpg 1440w\" sizes=\"(max-width: 576px) 100vw, 576px\" \/><\/figure>\n\n\n\n<figure class=\"wp-block-image size-large\"><img decoding=\"async\" width=\"576\" height=\"1024\" data-id=\"32847\" src=\"https:\/\/www.sundde.gob.ve\/wp-content\/uploads\/2024\/11\/IMG-20241104-WA0150-576x1024.jpg\" alt=\"\" class=\"wp-image-32847\" srcset=\"https:\/\/www.sundde.gob.ve\/wp-content\/uploads\/2024\/11\/IMG-20241104-WA0150-576x1024.jpg 576w, https:\/\/www.sundde.gob.ve\/wp-content\/uploads\/2024\/11\/IMG-20241104-WA0150-169x300.jpg 169w, https:\/\/www.sundde.gob.ve\/wp-content\/uploads\/2024\/11\/IMG-20241104-WA0150-768x1365.jpg 768w, https:\/\/www.sundde.gob.ve\/wp-content\/uploads\/2024\/11\/IMG-20241104-WA0150-864x1536.jpg 864w, https:\/\/www.sundde.gob.ve\/wp-content\/uploads\/2024\/11\/IMG-20241104-WA0150-1152x2048.jpg 1152w, https:\/\/www.sundde.gob.ve\/wp-content\/uploads\/2024\/11\/IMG-20241104-WA0150-1140x2027.jpg 1140w, https:\/\/www.sundde.gob.ve\/wp-content\/uploads\/2024\/11\/IMG-20241104-WA0150.jpg 1440w\" sizes=\"(max-width: 576px) 100vw, 576px\" \/><\/figure>\n<\/figure>\n\n\n\n<p>La delegaci\u00f3n venezolana presente en la Fihav 2024 est\u00e1 integrada por el vicepresidente sectorial y ministro del Poder Popular de Planificaci\u00f3n, Ricardo Men\u00e9ndez; el ministro de Comercio Nacional, Luis Antonio Villegas; la ministra de Turismo, Leticia G\u00f3mez; entre otros.<\/p>\n\n\n\n<p>La Feria Internacional de La Habana 2024, que mantendr\u00e1 sus puertas abiertas hasta el 9 de noviembre, dispondr\u00e1 en esta edici\u00f3n del VII Foro de Inversiones, en el cual se presentar\u00e1n una actualizaci\u00f3n de la cartera de oportunidades de negocios cubana y el lanzamiento de la revista&nbsp;<em>Cuba Foregin Trade,&nbsp;<\/em>de acuerdo a rese\u00f1a de medios internacionales.<\/p>\n\n\n\n<p>Tambi\u00e9n se ofrecer\u00e1 una variedad de foros empresariales entre Cuba y pa\u00edses como Rusia, M\u00e9xico y Angola, as\u00ed como encuentros con c\u00e1maras binacionales, intercambios empresariales, rondas de negocios, seminarios, conferencias y presentaciones de productos.<\/p>\n\n\n\n<p>Fihav 2024 es un espacio dise\u00f1ado para promover los fondos exportables de Cuba, tanto del sector p\u00fablico como del privado, con representaci\u00f3n de sus 13 polos productivos exportadores.<\/p>\n\n\n<div class=\"wp-block-image\">\n<figure class=\"aligncenter size-large\"><img loading=\"lazy\" decoding=\"async\" width=\"576\" height=\"1024\" src=\"https:\/\/www.sundde.gob.ve\/wp-content\/uploads\/2024\/11\/IMG-20241104-WA0257-576x1024.jpg\" alt=\"\" class=\"wp-image-32848\" srcset=\"https:\/\/www.sundde.gob.ve\/wp-content\/uploads\/2024\/11\/IMG-20241104-WA0257-576x1024.jpg 576w, https:\/\/www.sundde.gob.ve\/wp-content\/uploads\/2024\/11\/IMG-20241104-WA0257-169x300.jpg 169w, https:\/\/www.sundde.gob.ve\/wp-content\/uploads\/2024\/11\/IMG-20241104-WA0257-768x1365.jpg 768w, https:\/\/www.sundde.gob.ve\/wp-content\/uploads\/2024\/11\/IMG-20241104-WA0257-864x1536.jpg 864w, https:\/\/www.sundde.gob.ve\/wp-content\/uploads\/2024\/11\/IMG-20241104-WA0257-1152x2048.jpg 1152w, https:\/\/www.sundde.gob.ve\/wp-content\/uploads\/2024\/11\/IMG-20241104-WA0257-1140x2027.jpg 1140w, https:\/\/www.sundde.gob.ve\/wp-content\/uploads\/2024\/11\/IMG-20241104-WA0257.jpg 1440w\" sizes=\"(max-width: 576px) 100vw, 576px\" \/><\/figure>\n<\/div>\n\n\n<p><strong>Prensa: <em>Ministerio<\/em>\u00a0del Poder Popular de\u00a0<em>Comercio Nacional<\/em><\/strong><\/p>\n\n\n\n<p><\/p>\n","protected":false},"excerpt":{"rendered":"<p>Este lunes, fue inaugurada la 40 Feria Internacional de La Habana (Fihav) 2024, en la ExpoCuba, un evento que re\u00fane a representantes de aproximadamente 50 pa\u00edses. La apertura cont\u00f3 con la presencia del primer secretario del Comit\u00e9 Central del Partido Comunista y presidente de la Rep\u00fablica, Miguel D\u00edaz-Canel Berm\u00fadez, quien destac\u00f3 la importancia de este certamen para el desarrollo econ\u00f3mico y comercial del pa\u00eds. Se trata del evento empresarial m\u00e1s relevante en Cuba, y cuenta con la participaci\u00f3n destacada de delegaciones oficiales de pa\u00edses como Angola, Belar\u00fas, Brasil, Colombia, Espa\u00f1a, Honduras, Ir\u00e1n, M\u00e9xico, Mozambique, Namibia, Panam\u00e1, Portugal, Rep\u00fablica Checa, Rep\u00fablica Democr\u00e1tica del Congo, Rep\u00fablica Dominicana, Rusia, Santa Luc\u00eda, Sierra Leona y Venezuela. Asimismo, asisten la representaci\u00f3n del Sistema Econ\u00f3mico Latinoamericano y del Caribe (SELA) y entidades promotoras del comercio y las inversiones. La Rep\u00fablica Bolivariana de Venezuela dispone de una exhibici\u00f3n que es vitrina de productos y rubros aut\u00f3ctonos con sello de calidad de exportaci\u00f3n y con caracter\u00edsticas \u00fanicas. La delegaci\u00f3n venezolana presente en la Fihav 2024 est\u00e1 integrada por el vicepresidente sectorial y ministro del Poder Popular de Planificaci\u00f3n, Ricardo Men\u00e9ndez; el ministro de Comercio Nacional, Luis Antonio Villegas; la ministra de Turismo, Leticia G\u00f3mez; entre otros. La Feria Internacional de La Habana 2024, que mantendr\u00e1 sus puertas abiertas hasta el 9 de noviembre, dispondr\u00e1 en esta edici\u00f3n del VII Foro de Inversiones, en el cual se presentar\u00e1n una actualizaci\u00f3n de la cartera de oportunidades de negocios cubana y el lanzamiento de la revista&nbsp;Cuba Foregin Trade,&nbsp;de acuerdo a rese\u00f1a de medios internacionales. Tambi\u00e9n se ofrecer\u00e1 una variedad de foros empresariales entre Cuba y pa\u00edses como Rusia, M\u00e9xico y Angola, as\u00ed como encuentros con c\u00e1maras binacionales, intercambios empresariales, rondas de negocios, seminarios, conferencias y presentaciones de productos. Fihav 2024 es un espacio dise\u00f1ado para promover los fondos exportables de Cuba, tanto del sector p\u00fablico como del privado, con representaci\u00f3n de sus 13 polos productivos exportadores. Prensa: Ministerio\u00a0del Poder Popular de\u00a0Comercio Nacional<\/p>\n","protected":false},"author":9,"featured_media":32845,"comment_status":"closed","ping_status":"","sticky":false,"template":"","format":"standard","meta":{"_monsterinsights_skip_tracking":false,"_monsterinsights_sitenote_active":false,"_monsterinsights_sitenote_note":"","_monsterinsights_sitenote_category":0,"footnotes":""},"categories":[4],"tags":[],"class_list":["post-32844","post","type-post","status-publish","format-standard","has-post-thumbnail","hentry","category-noticias"],"_links":{"self":[{"href":"https:\/\/www.sundde.gob.ve\/index.php?rest_route=\/wp\/v2\/posts\/32844","targetHints":{"allow":["GET"]}}],"collection":[{"href":"https:\/\/www.sundde.gob.ve\/index.php?rest_route=\/wp\/v2\/posts"}],"about":[{"href":"https:\/\/www.sundde.gob.ve\/index.php?rest_route=\/wp\/v2\/types\/post"}],"author":[{"embeddable":true,"href":"https:\/\/www.sundde.gob.ve\/index.php?rest_route=\/wp\/v2\/users\/9"}],"replies":[{"embeddable":true,"href":"https:\/\/www.sundde.gob.ve\/index.php?rest_route=%2Fwp%2Fv2%2Fcomments&post=32844"}],"version-history":[{"count":1,"href":"https:\/\/www.sundde.gob.ve\/index.php?rest_route=\/wp\/v2\/posts\/32844\/revisions"}],"predecessor-version":[{"id":32849,"href":"https:\/\/www.sundde.gob.ve\/index.php?rest_route=\/wp\/v2\/posts\/32844\/revisions\/32849"}],"wp:featuredmedia":[{"embeddable":true,"href":"https:\/\/www.sundde.gob.ve\/index.php?rest_route=\/wp\/v2\/media\/32845"}],"wp:attachment":[{"href":"https:\/\/www.sundde.gob.ve\/index.php?rest_route=%2Fwp%2Fv2%2Fmedia&parent=32844"}],"wp:term":[{"taxonomy":"category","embeddable":true,"href":"https:\/\/www.sundde.gob.ve\/index.php?rest_route=%2Fwp%2Fv2%2Fcategories&post=32844"},{"taxonomy":"post_tag","embeddable":true,"href":"https:\/\/www.sundde.gob.ve\/index.php?rest_route=%2Fwp%2Fv2%2Ftags&post=32844"}],"curies":[{"name":"wp","href":"https:\/\/api.w.org\/{rel}","templated":true}]}}