{"id":36324,"date":"2025-03-29T23:19:04","date_gmt":"2025-03-29T23:19:04","guid":{"rendered":"https:\/\/www.sundde.gob.ve\/?p=36324"},"modified":"2025-03-31T23:21:29","modified_gmt":"2025-03-31T23:21:29","slug":"habitantes-de-la-charneca-en-san-agustin-reciben-jornada-de-atencion-integral","status":"publish","type":"post","link":"https:\/\/www.sundde.gob.ve\/?p=36324","title":{"rendered":"Habitantes de La Charneca en San Agust\u00edn reciben jornada de atenci\u00f3n integral"},"content":{"rendered":"\n<figure class=\"wp-block-gallery has-nested-images columns-default is-cropped wp-block-gallery-1 is-layout-flex wp-block-gallery-is-layout-flex\">\n<figure class=\"wp-block-image size-large\"><img fetchpriority=\"high\" decoding=\"async\" width=\"780\" height=\"470\" data-id=\"36325\" src=\"https:\/\/www.sundde.gob.ve\/wp-content\/uploads\/2025\/03\/IMG_20250329_204159_224.jpg\" alt=\"\" class=\"wp-image-36325\" srcset=\"https:\/\/www.sundde.gob.ve\/wp-content\/uploads\/2025\/03\/IMG_20250329_204159_224.jpg 780w, https:\/\/www.sundde.gob.ve\/wp-content\/uploads\/2025\/03\/IMG_20250329_204159_224-300x181.jpg 300w, https:\/\/www.sundde.gob.ve\/wp-content\/uploads\/2025\/03\/IMG_20250329_204159_224-768x463.jpg 768w\" sizes=\"(max-width: 780px) 100vw, 780px\" \/><\/figure>\n<\/figure>\n\n\n\n<p>En la parroquia San Agust\u00edn de Caracas, el Gobierno Bolivariano activ\u00f3 una jornada de atenci\u00f3n integral para la comunidad de La Charneca, siendo beneficiadas 400 personas a trav\u00e9s del Plan Z.<\/p>\n\n\n\n<p>Tambi\u00e9n se dispusieron distintos puntos de atenci\u00f3n para brindar a la comunidad asesor\u00edas e informaci\u00f3n en diversos \u00e1mbitos, contabilizando m\u00e1s de 100 personas integrantes de 7 consejos comunales.<\/p>\n\n\n\n<p>Participaron en la jornada \u00f3rganos gubernamentales como el Banco Digital de los Trabajadores (BDT); Instituto Nacional de Transporte Terrestre (INTT), para emitir licencias; el Servicio Administrativo de Identificaci\u00f3n, Migraci\u00f3n y Extranjer\u00eda (Saime), para cedulaci\u00f3n; el Ministerio de Interior Justicia y Paz con la Oficina Nacional para la Atenci\u00f3n Integral a las V\u00edctimas de la Violencia (Onaivv), entre otros.<\/p>\n\n\n\n<p>Asimismo, las familias de La Charneca recibieron una Feria del Pescado en la que pudieron adquirir prote\u00ednas del mar a precios asequibles.<\/p>\n\n\n\n<p>Se estima que se realice una segunda en la que se re\u00fana al sector emprendedor de la parroquia San Agust\u00edn.<\/p>\n\n\n\n<p><strong>Prensa: Ministerio del Poder Popular de Comercio Nacional.<\/strong><\/p>\n\n\n\n<p><\/p>\n","protected":false},"excerpt":{"rendered":"<p>En la parroquia San Agust\u00edn de Caracas, el Gobierno Bolivariano activ\u00f3 una jornada de atenci\u00f3n integral para la comunidad de La Charneca, siendo beneficiadas 400 personas a trav\u00e9s del Plan Z. Tambi\u00e9n se dispusieron distintos puntos de atenci\u00f3n para brindar a la comunidad asesor\u00edas e informaci\u00f3n en diversos \u00e1mbitos, contabilizando m\u00e1s de 100 personas integrantes de 7 consejos comunales. Participaron en la jornada \u00f3rganos gubernamentales como el Banco Digital de los Trabajadores (BDT); Instituto Nacional de Transporte Terrestre (INTT), para emitir licencias; el Servicio Administrativo de Identificaci\u00f3n, Migraci\u00f3n y Extranjer\u00eda (Saime), para cedulaci\u00f3n; el Ministerio de Interior Justicia y Paz con la Oficina Nacional para la Atenci\u00f3n Integral a las V\u00edctimas de la Violencia (Onaivv), entre otros. Asimismo, las familias de La Charneca recibieron una Feria del Pescado en la que pudieron adquirir prote\u00ednas del mar a precios asequibles. Se estima que se realice una segunda en la que se re\u00fana al sector emprendedor de la parroquia San Agust\u00edn. Prensa: Ministerio del Poder Popular de Comercio Nacional.<\/p>\n","protected":false},"author":5,"featured_media":36325,"comment_status":"closed","ping_status":"","sticky":false,"template":"","format":"standard","meta":{"_monsterinsights_skip_tracking":false,"_monsterinsights_sitenote_active":false,"_monsterinsights_sitenote_note":"","_monsterinsights_sitenote_category":0,"footnotes":""},"categories":[4],"tags":[],"class_list":["post-36324","post","type-post","status-publish","format-standard","has-post-thumbnail","hentry","category-noticias"],"_links":{"self":[{"href":"https:\/\/www.sundde.gob.ve\/index.php?rest_route=\/wp\/v2\/posts\/36324","targetHints":{"allow":["GET"]}}],"collection":[{"href":"https:\/\/www.sundde.gob.ve\/index.php?rest_route=\/wp\/v2\/posts"}],"about":[{"href":"https:\/\/www.sundde.gob.ve\/index.php?rest_route=\/wp\/v2\/types\/post"}],"author":[{"embeddable":true,"href":"https:\/\/www.sundde.gob.ve\/index.php?rest_route=\/wp\/v2\/users\/5"}],"replies":[{"embeddable":true,"href":"https:\/\/www.sundde.gob.ve\/index.php?rest_route=%2Fwp%2Fv2%2Fcomments&post=36324"}],"version-history":[{"count":2,"href":"https:\/\/www.sundde.gob.ve\/index.php?rest_route=\/wp\/v2\/posts\/36324\/revisions"}],"predecessor-version":[{"id":36327,"href":"https:\/\/www.sundde.gob.ve\/index.php?rest_route=\/wp\/v2\/posts\/36324\/revisions\/36327"}],"wp:featuredmedia":[{"embeddable":true,"href":"https:\/\/www.sundde.gob.ve\/index.php?rest_route=\/wp\/v2\/media\/36325"}],"wp:attachment":[{"href":"https:\/\/www.sundde.gob.ve\/index.php?rest_route=%2Fwp%2Fv2%2Fmedia&parent=36324"}],"wp:term":[{"taxonomy":"category","embeddable":true,"href":"https:\/\/www.sundde.gob.ve\/index.php?rest_route=%2Fwp%2Fv2%2Fcategories&post=36324"},{"taxonomy":"post_tag","embeddable":true,"href":"https:\/\/www.sundde.gob.ve\/index.php?rest_route=%2Fwp%2Fv2%2Ftags&post=36324"}],"curies":[{"name":"wp","href":"https:\/\/api.w.org\/{rel}","templated":true}]}}