{"id":38055,"date":"2025-07-21T12:58:49","date_gmt":"2025-07-21T12:58:49","guid":{"rendered":"https:\/\/www.sundde.gob.ve\/?p=38055"},"modified":"2025-07-21T13:00:44","modified_gmt":"2025-07-21T13:00:44","slug":"empresarios-se-reunen-en-las-81-asamblea-anual-de-fedecamaras-en-carabobo","status":"publish","type":"post","link":"https:\/\/www.sundde.gob.ve\/?p=38055","title":{"rendered":"Empresarios se re\u00fanen en las 81\u00b0 Asamblea Anual de Fedec\u00e1maras en Carabobo"},"content":{"rendered":"<div class=\"wp-block-image\">\n<figure class=\"aligncenter size-full\"><img fetchpriority=\"high\" decoding=\"async\" width=\"780\" height=\"470\" src=\"https:\/\/www.sundde.gob.ve\/wp-content\/uploads\/2025\/07\/delcy.webp\" alt=\"\" class=\"wp-image-38056\" srcset=\"https:\/\/www.sundde.gob.ve\/wp-content\/uploads\/2025\/07\/delcy.webp 780w, https:\/\/www.sundde.gob.ve\/wp-content\/uploads\/2025\/07\/delcy-300x181.webp 300w, https:\/\/www.sundde.gob.ve\/wp-content\/uploads\/2025\/07\/delcy-768x463.webp 768w\" sizes=\"(max-width: 780px) 100vw, 780px\" \/><\/figure>\n<\/div>\n\n\n<p><\/p>\n\n\n\n<p>Con motivo del 81\u00b0 aniversario de la Asamblea Anual de Fedec\u00e1maras, m\u00e1s de 500 empresarios de todo el pa\u00eds reafirmaron&nbsp; a Valencia como capital empresarial de Venezuela. Bajo el lema \u201cPrevalecer, transformar e inspirar\u201d, la cita inici\u00f3 con la memoria y cuenta del directorio saliente, donde su presidente Ad\u00e1n Celis resalt\u00f3 avances institucionales y urgi\u00f3 acelerar cambios para fortalecer el sector privado, \u201cHay compromiso, pero debemos imprimir velocidad. Se requiere confianza y revisar el marco jur\u00eddico\u201d, afirm\u00f3.<\/p>\n\n\n\n<p>Celis reiter\u00f3 la postura empresarial contra las sanciones, subrayando que ning\u00fan empresario abogar\u00eda por medidas que perjudiquen a los venezolanos, y defendi\u00f3 el di\u00e1logo como \u00fanica v\u00eda para el crecimiento. La jornada cont\u00f3 con la vicepresidenta Delcy Rodr\u00edguez, quien destac\u00f3 los signos positivos en la econom\u00eda nacional y el aumento de la producci\u00f3n petrolera, atribuy\u00e9ndolo al esfuerzo conjunto de trabajadores y alianzas estrat\u00e9gicas.<\/p>\n\n\n\n<p>Durante el evento la Vicepresidenta Ejecutiva Delcy Rodr\u00edguez, resalt\u00f3 importantes logros econ\u00f3micos, como el crecimiento sostenido de 14 trimestres, la primera exportaci\u00f3n de cabillas corrugadas a Colombia en una d\u00e9cada, y avances en miner\u00eda, agroindustria y farmacia, todo ello pese a sanciones y gracias al impulso de los 13 motores socioproductivos y mayor inversi\u00f3n extranjera.<\/p>\n\n\n\n<p>\u00abVengan los empresarios nacionales a invertir en nuestro, en nuestras industrias en la CVG, en PDVSA y all\u00ed esta el resultado, tenemos un punto en com\u00fan, para seguir avanzando en la recuperaci\u00f3n econ\u00f3mica de Venezuela\u00bb destac\u00f3 Rodr\u00edguez.<\/p>\n\n\n\n<p>Esta iniciativa surge en un contexto de crecimiento econ\u00f3mico sostenido en Venezuela, impulsado por un modelo productivo diversificado y la colaboraci\u00f3n entre el sector privado y el Gobierno Nacional.<\/p>\n\n\n\n<p><strong>Prensa Ministerio del Poder Popular para El Comercio Nacional <\/strong><\/p>\n","protected":false},"excerpt":{"rendered":"<p>Con motivo del 81\u00b0 aniversario de la Asamblea Anual de Fedec\u00e1maras, m\u00e1s de 500 empresarios de todo el pa\u00eds reafirmaron&nbsp; a Valencia como capital empresarial de Venezuela. Bajo el lema \u201cPrevalecer, transformar e inspirar\u201d, la cita inici\u00f3 con la memoria y cuenta del directorio saliente, donde su presidente Ad\u00e1n Celis resalt\u00f3 avances institucionales y urgi\u00f3 acelerar cambios para fortalecer el sector privado, \u201cHay compromiso, pero debemos imprimir velocidad. Se requiere confianza y revisar el marco jur\u00eddico\u201d, afirm\u00f3. Celis reiter\u00f3 la postura empresarial contra las sanciones, subrayando que ning\u00fan empresario abogar\u00eda por medidas que perjudiquen a los venezolanos, y defendi\u00f3 el di\u00e1logo como \u00fanica v\u00eda para el crecimiento. La jornada cont\u00f3 con la vicepresidenta Delcy Rodr\u00edguez, quien destac\u00f3 los signos positivos en la econom\u00eda nacional y el aumento de la producci\u00f3n petrolera, atribuy\u00e9ndolo al esfuerzo conjunto de trabajadores y alianzas estrat\u00e9gicas. Durante el evento la Vicepresidenta Ejecutiva Delcy Rodr\u00edguez, resalt\u00f3 importantes logros econ\u00f3micos, como el crecimiento sostenido de 14 trimestres, la primera exportaci\u00f3n de cabillas corrugadas a Colombia en una d\u00e9cada, y avances en miner\u00eda, agroindustria y farmacia, todo ello pese a sanciones y gracias al impulso de los 13 motores socioproductivos y mayor inversi\u00f3n extranjera. \u00abVengan los empresarios nacionales a invertir en nuestro, en nuestras industrias en la CVG, en PDVSA y all\u00ed esta el resultado, tenemos un punto en com\u00fan, para seguir avanzando en la recuperaci\u00f3n econ\u00f3mica de Venezuela\u00bb destac\u00f3 Rodr\u00edguez. Esta iniciativa surge en un contexto de crecimiento econ\u00f3mico sostenido en Venezuela, impulsado por un modelo productivo diversificado y la colaboraci\u00f3n entre el sector privado y el Gobierno Nacional. Prensa Ministerio del Poder Popular para El Comercio Nacional<\/p>\n","protected":false},"author":11,"featured_media":38056,"comment_status":"closed","ping_status":"","sticky":false,"template":"","format":"standard","meta":{"_monsterinsights_skip_tracking":false,"_monsterinsights_sitenote_active":false,"_monsterinsights_sitenote_note":"","_monsterinsights_sitenote_category":0,"footnotes":""},"categories":[4],"tags":[],"class_list":["post-38055","post","type-post","status-publish","format-standard","has-post-thumbnail","hentry","category-noticias"],"_links":{"self":[{"href":"https:\/\/www.sundde.gob.ve\/index.php?rest_route=\/wp\/v2\/posts\/38055","targetHints":{"allow":["GET"]}}],"collection":[{"href":"https:\/\/www.sundde.gob.ve\/index.php?rest_route=\/wp\/v2\/posts"}],"about":[{"href":"https:\/\/www.sundde.gob.ve\/index.php?rest_route=\/wp\/v2\/types\/post"}],"author":[{"embeddable":true,"href":"https:\/\/www.sundde.gob.ve\/index.php?rest_route=\/wp\/v2\/users\/11"}],"replies":[{"embeddable":true,"href":"https:\/\/www.sundde.gob.ve\/index.php?rest_route=%2Fwp%2Fv2%2Fcomments&post=38055"}],"version-history":[{"count":2,"href":"https:\/\/www.sundde.gob.ve\/index.php?rest_route=\/wp\/v2\/posts\/38055\/revisions"}],"predecessor-version":[{"id":38058,"href":"https:\/\/www.sundde.gob.ve\/index.php?rest_route=\/wp\/v2\/posts\/38055\/revisions\/38058"}],"wp:featuredmedia":[{"embeddable":true,"href":"https:\/\/www.sundde.gob.ve\/index.php?rest_route=\/wp\/v2\/media\/38056"}],"wp:attachment":[{"href":"https:\/\/www.sundde.gob.ve\/index.php?rest_route=%2Fwp%2Fv2%2Fmedia&parent=38055"}],"wp:term":[{"taxonomy":"category","embeddable":true,"href":"https:\/\/www.sundde.gob.ve\/index.php?rest_route=%2Fwp%2Fv2%2Fcategories&post=38055"},{"taxonomy":"post_tag","embeddable":true,"href":"https:\/\/www.sundde.gob.ve\/index.php?rest_route=%2Fwp%2Fv2%2Ftags&post=38055"}],"curies":[{"name":"wp","href":"https:\/\/api.w.org\/{rel}","templated":true}]}}