{"id":41907,"date":"2026-01-14T14:02:12","date_gmt":"2026-01-14T14:02:12","guid":{"rendered":"https:\/\/www.sundde.gob.ve\/?p=41907"},"modified":"2026-01-19T19:45:02","modified_gmt":"2026-01-19T19:45:02","slug":"fuerza-trabajadora-venezolana-se-moviliza-en-respaldo-al-presidente-nicolas-maduro-y-cilia-flores","status":"publish","type":"post","link":"https:\/\/www.sundde.gob.ve\/?p=41907","title":{"rendered":"Fuerza trabajadora venezolana se moviliza en respaldo al Presidente Nicol\u00e1s Maduro y Cilia Flores"},"content":{"rendered":"\n<p>\u200b<\/p>\n\n\n<div class=\"wp-block-image\">\n<figure class=\"aligncenter size-large\"><img fetchpriority=\"high\" decoding=\"async\" width=\"1024\" height=\"682\" src=\"https:\/\/www.sundde.gob.ve\/wp-content\/uploads\/2026\/01\/MARCHA-OBRERA-POR-LA-DEFENSA-DEL-PRESIDENTE-19-01-2026-4-2-1024x682.jpg\" alt=\"\" class=\"wp-image-42022\" srcset=\"https:\/\/www.sundde.gob.ve\/wp-content\/uploads\/2026\/01\/MARCHA-OBRERA-POR-LA-DEFENSA-DEL-PRESIDENTE-19-01-2026-4-2-1024x682.jpg 1024w, https:\/\/www.sundde.gob.ve\/wp-content\/uploads\/2026\/01\/MARCHA-OBRERA-POR-LA-DEFENSA-DEL-PRESIDENTE-19-01-2026-4-2-300x200.jpg 300w, https:\/\/www.sundde.gob.ve\/wp-content\/uploads\/2026\/01\/MARCHA-OBRERA-POR-LA-DEFENSA-DEL-PRESIDENTE-19-01-2026-4-2-768x512.jpg 768w, https:\/\/www.sundde.gob.ve\/wp-content\/uploads\/2026\/01\/MARCHA-OBRERA-POR-LA-DEFENSA-DEL-PRESIDENTE-19-01-2026-4-2-1140x760.jpg 1140w, https:\/\/www.sundde.gob.ve\/wp-content\/uploads\/2026\/01\/MARCHA-OBRERA-POR-LA-DEFENSA-DEL-PRESIDENTE-19-01-2026-4-2.jpg 1280w\" sizes=\"(max-width: 1024px) 100vw, 1024px\" \/><\/figure>\n<\/div>\n\n\n<p>En una masiva demostraci\u00f3n de compromiso y unidad, la fuerza trabajadora de Venezuela se moviliz\u00f3 este mi\u00e9rcoles en una Gran Marcha Nacional para ratificar su respaldo absoluto al presidente de la Rep\u00fablica, Nicol\u00e1s Maduro y a la primera dama, Cilia Flores. La jornada congreg\u00f3 a diversos sectores obreros, campesinos y servidores p\u00fablicos.<\/p>\n\n\n\n<p>\u200bDurante el recorrido, los trabajadores corearon consignas de lealtad, as\u00ed como tambi\u00e9n llevaban&nbsp; pancartas que expresaban la voluntad de la clase obrera de acompa\u00f1ar a sus l\u00edderes nacionales.<\/p>\n\n\n\n<p>Los manifestantes indicaron que el esfuerzo diario de los trabajadores es el motor fundamental que impulsa la soberan\u00eda econ\u00f3mica y la paz social en todo el territorio.<br>Asimismo, indicaron&nbsp; \u00abEstamos aqu\u00ed hoy no solo para marchar, sino para decirle al Presidente que su pueblo trabajador est\u00e1 rodilla en tierra, apoyando cada paso que da por nuestra estabilidad\u00bb, afirm\u00f3 Manuel Mart\u00ednez, trabajador del sector industrial.<\/p>\n\n\n\n<figure class=\"wp-block-gallery has-nested-images columns-default is-cropped wp-block-gallery-1 is-layout-flex wp-block-gallery-is-layout-flex\">\n<figure class=\"wp-block-image size-large\"><img decoding=\"async\" width=\"1024\" height=\"622\" data-id=\"41911\" src=\"https:\/\/www.sundde.gob.ve\/wp-content\/uploads\/2026\/01\/MARCHA-OBRERA-POR-LA-DEFENSA-DEL-PRESIDENTE-19-01-2026-1-1024x622.jpg\" alt=\"\" class=\"wp-image-41911\" srcset=\"https:\/\/www.sundde.gob.ve\/wp-content\/uploads\/2026\/01\/MARCHA-OBRERA-POR-LA-DEFENSA-DEL-PRESIDENTE-19-01-2026-1-1024x622.jpg 1024w, https:\/\/www.sundde.gob.ve\/wp-content\/uploads\/2026\/01\/MARCHA-OBRERA-POR-LA-DEFENSA-DEL-PRESIDENTE-19-01-2026-1-300x182.jpg 300w, https:\/\/www.sundde.gob.ve\/wp-content\/uploads\/2026\/01\/MARCHA-OBRERA-POR-LA-DEFENSA-DEL-PRESIDENTE-19-01-2026-1-768x467.jpg 768w, https:\/\/www.sundde.gob.ve\/wp-content\/uploads\/2026\/01\/MARCHA-OBRERA-POR-LA-DEFENSA-DEL-PRESIDENTE-19-01-2026-1-1140x693.jpg 1140w, https:\/\/www.sundde.gob.ve\/wp-content\/uploads\/2026\/01\/MARCHA-OBRERA-POR-LA-DEFENSA-DEL-PRESIDENTE-19-01-2026-1.jpg 1280w\" sizes=\"(max-width: 1024px) 100vw, 1024px\" \/><\/figure>\n\n\n\n<figure class=\"wp-block-image size-large\"><img decoding=\"async\" width=\"1024\" height=\"682\" data-id=\"41913\" src=\"https:\/\/www.sundde.gob.ve\/wp-content\/uploads\/2026\/01\/MARCHA-OBRERA-POR-LA-DEFENSA-DEL-PRESIDENTE-19-01-2026-2-1024x682.jpg\" alt=\"\" class=\"wp-image-41913\" srcset=\"https:\/\/www.sundde.gob.ve\/wp-content\/uploads\/2026\/01\/MARCHA-OBRERA-POR-LA-DEFENSA-DEL-PRESIDENTE-19-01-2026-2-1024x682.jpg 1024w, https:\/\/www.sundde.gob.ve\/wp-content\/uploads\/2026\/01\/MARCHA-OBRERA-POR-LA-DEFENSA-DEL-PRESIDENTE-19-01-2026-2-300x200.jpg 300w, https:\/\/www.sundde.gob.ve\/wp-content\/uploads\/2026\/01\/MARCHA-OBRERA-POR-LA-DEFENSA-DEL-PRESIDENTE-19-01-2026-2-768x512.jpg 768w, https:\/\/www.sundde.gob.ve\/wp-content\/uploads\/2026\/01\/MARCHA-OBRERA-POR-LA-DEFENSA-DEL-PRESIDENTE-19-01-2026-2-1140x760.jpg 1140w, https:\/\/www.sundde.gob.ve\/wp-content\/uploads\/2026\/01\/MARCHA-OBRERA-POR-LA-DEFENSA-DEL-PRESIDENTE-19-01-2026-2.jpg 1280w\" sizes=\"(max-width: 1024px) 100vw, 1024px\" \/><\/figure>\n\n\n\n<figure class=\"wp-block-image size-large\"><img loading=\"lazy\" decoding=\"async\" width=\"1024\" height=\"682\" data-id=\"41912\" src=\"https:\/\/www.sundde.gob.ve\/wp-content\/uploads\/2026\/01\/MARCHA-OBRERA-POR-LA-DEFENSA-DEL-PRESIDENTE-19-01-2026-3-1024x682.jpg\" alt=\"\" class=\"wp-image-41912\" srcset=\"https:\/\/www.sundde.gob.ve\/wp-content\/uploads\/2026\/01\/MARCHA-OBRERA-POR-LA-DEFENSA-DEL-PRESIDENTE-19-01-2026-3-1024x682.jpg 1024w, https:\/\/www.sundde.gob.ve\/wp-content\/uploads\/2026\/01\/MARCHA-OBRERA-POR-LA-DEFENSA-DEL-PRESIDENTE-19-01-2026-3-300x200.jpg 300w, https:\/\/www.sundde.gob.ve\/wp-content\/uploads\/2026\/01\/MARCHA-OBRERA-POR-LA-DEFENSA-DEL-PRESIDENTE-19-01-2026-3-768x512.jpg 768w, https:\/\/www.sundde.gob.ve\/wp-content\/uploads\/2026\/01\/MARCHA-OBRERA-POR-LA-DEFENSA-DEL-PRESIDENTE-19-01-2026-3-1140x760.jpg 1140w, https:\/\/www.sundde.gob.ve\/wp-content\/uploads\/2026\/01\/MARCHA-OBRERA-POR-LA-DEFENSA-DEL-PRESIDENTE-19-01-2026-3.jpg 1280w\" sizes=\"(max-width: 1024px) 100vw, 1024px\" \/><\/figure>\n\n\n\n<figure class=\"wp-block-image size-large\"><img loading=\"lazy\" decoding=\"async\" width=\"1024\" height=\"682\" data-id=\"41914\" src=\"https:\/\/www.sundde.gob.ve\/wp-content\/uploads\/2026\/01\/MARCHA-OBRERA-POR-LA-DEFENSA-DEL-PRESIDENTE-19-01-2026-4-1024x682.jpg\" alt=\"\" class=\"wp-image-41914\" srcset=\"https:\/\/www.sundde.gob.ve\/wp-content\/uploads\/2026\/01\/MARCHA-OBRERA-POR-LA-DEFENSA-DEL-PRESIDENTE-19-01-2026-4-1024x682.jpg 1024w, https:\/\/www.sundde.gob.ve\/wp-content\/uploads\/2026\/01\/MARCHA-OBRERA-POR-LA-DEFENSA-DEL-PRESIDENTE-19-01-2026-4-300x200.jpg 300w, https:\/\/www.sundde.gob.ve\/wp-content\/uploads\/2026\/01\/MARCHA-OBRERA-POR-LA-DEFENSA-DEL-PRESIDENTE-19-01-2026-4-768x512.jpg 768w, https:\/\/www.sundde.gob.ve\/wp-content\/uploads\/2026\/01\/MARCHA-OBRERA-POR-LA-DEFENSA-DEL-PRESIDENTE-19-01-2026-4-1140x760.jpg 1140w, https:\/\/www.sundde.gob.ve\/wp-content\/uploads\/2026\/01\/MARCHA-OBRERA-POR-LA-DEFENSA-DEL-PRESIDENTE-19-01-2026-4.jpg 1280w\" sizes=\"(max-width: 1024px) 100vw, 1024px\" \/><\/figure>\n\n\n\n<figure class=\"wp-block-image size-large\"><img loading=\"lazy\" decoding=\"async\" width=\"1024\" height=\"768\" data-id=\"41915\" src=\"https:\/\/www.sundde.gob.ve\/wp-content\/uploads\/2026\/01\/MARCHA-OBRERA-POR-LA-DEFENSA-DEL-PRESIDENTE-19-01-2026-5-1024x768.jpg\" alt=\"\" class=\"wp-image-41915\" srcset=\"https:\/\/www.sundde.gob.ve\/wp-content\/uploads\/2026\/01\/MARCHA-OBRERA-POR-LA-DEFENSA-DEL-PRESIDENTE-19-01-2026-5-1024x768.jpg 1024w, https:\/\/www.sundde.gob.ve\/wp-content\/uploads\/2026\/01\/MARCHA-OBRERA-POR-LA-DEFENSA-DEL-PRESIDENTE-19-01-2026-5-300x225.jpg 300w, https:\/\/www.sundde.gob.ve\/wp-content\/uploads\/2026\/01\/MARCHA-OBRERA-POR-LA-DEFENSA-DEL-PRESIDENTE-19-01-2026-5-768x576.jpg 768w, https:\/\/www.sundde.gob.ve\/wp-content\/uploads\/2026\/01\/MARCHA-OBRERA-POR-LA-DEFENSA-DEL-PRESIDENTE-19-01-2026-5-1140x855.jpg 1140w, https:\/\/www.sundde.gob.ve\/wp-content\/uploads\/2026\/01\/MARCHA-OBRERA-POR-LA-DEFENSA-DEL-PRESIDENTE-19-01-2026-5.jpg 1280w\" sizes=\"(max-width: 1024px) 100vw, 1024px\" \/><\/figure>\n\n\n\n<figure class=\"wp-block-image size-large\"><img loading=\"lazy\" decoding=\"async\" width=\"768\" height=\"1024\" data-id=\"41916\" src=\"https:\/\/www.sundde.gob.ve\/wp-content\/uploads\/2026\/01\/MARCHA-OBRERA-POR-LA-DEFENSA-DEL-PRESIDENTE-19-01-2026-7-768x1024.jpg\" alt=\"\" class=\"wp-image-41916\" srcset=\"https:\/\/www.sundde.gob.ve\/wp-content\/uploads\/2026\/01\/MARCHA-OBRERA-POR-LA-DEFENSA-DEL-PRESIDENTE-19-01-2026-7-768x1024.jpg 768w, https:\/\/www.sundde.gob.ve\/wp-content\/uploads\/2026\/01\/MARCHA-OBRERA-POR-LA-DEFENSA-DEL-PRESIDENTE-19-01-2026-7-225x300.jpg 225w, https:\/\/www.sundde.gob.ve\/wp-content\/uploads\/2026\/01\/MARCHA-OBRERA-POR-LA-DEFENSA-DEL-PRESIDENTE-19-01-2026-7.jpg 960w\" sizes=\"(max-width: 768px) 100vw, 768px\" \/><\/figure>\n<\/figure>\n\n\n\n<p>Por su parte, Eleana Rodr\u00edguez, asistente de la administraci\u00f3n p\u00fablica, destac\u00f3: \u00abMarchamos por el amor a la patria y por la confianza que tenemos en Nicol\u00e1s y Cilia; su fortaleza es la nuestra y aqu\u00ed seguimos movilizados por el futuro de nuestros hijos\u00bb.<\/p>\n\n\n\n<p>\u200bFinalmente, la movilizaci\u00f3n culmin\u00f3 con una concentraci\u00f3n donde se reafirm\u00f3 el compromiso de las bases trabajadoras de mantener la defensa de las pol\u00edticas sociales y econ\u00f3micas vigentes.<\/p>\n\n\n\n<p><\/p>\n\n\n\n<p><strong>Prensa: Sundde.\/P.R:N.B.<\/strong><\/p>\n","protected":false},"excerpt":{"rendered":"<p>\u200b En una masiva demostraci\u00f3n de compromiso y unidad, la fuerza trabajadora de Venezuela se moviliz\u00f3 este mi\u00e9rcoles en una Gran Marcha Nacional para ratificar su respaldo absoluto al presidente de la Rep\u00fablica, Nicol\u00e1s Maduro y a la primera dama, Cilia Flores. La jornada congreg\u00f3 a diversos sectores obreros, campesinos y servidores p\u00fablicos. \u200bDurante el recorrido, los trabajadores corearon consignas de lealtad, as\u00ed como tambi\u00e9n llevaban&nbsp; pancartas que expresaban la voluntad de la clase obrera de acompa\u00f1ar a sus l\u00edderes nacionales. Los manifestantes indicaron que el esfuerzo diario de los trabajadores es el motor fundamental que impulsa la soberan\u00eda econ\u00f3mica y la paz social en todo el territorio.Asimismo, indicaron&nbsp; \u00abEstamos aqu\u00ed hoy no solo para marchar, sino para decirle al Presidente que su pueblo trabajador est\u00e1 rodilla en tierra, apoyando cada paso que da por nuestra estabilidad\u00bb, afirm\u00f3 Manuel Mart\u00ednez, trabajador del sector industrial. Por su parte, Eleana Rodr\u00edguez, asistente de la administraci\u00f3n p\u00fablica, destac\u00f3: \u00abMarchamos por el amor a la patria y por la confianza que tenemos en Nicol\u00e1s y Cilia; su fortaleza es la nuestra y aqu\u00ed seguimos movilizados por el futuro de nuestros hijos\u00bb. \u200bFinalmente, la movilizaci\u00f3n culmin\u00f3 con una concentraci\u00f3n donde se reafirm\u00f3 el compromiso de las bases trabajadoras de mantener la defensa de las pol\u00edticas sociales y econ\u00f3micas vigentes. Prensa: Sundde.\/P.R:N.B.<\/p>\n","protected":false},"author":5,"featured_media":41908,"comment_status":"closed","ping_status":"closed","sticky":false,"template":"","format":"standard","meta":{"_monsterinsights_skip_tracking":false,"_monsterinsights_sitenote_active":false,"_monsterinsights_sitenote_note":"","_monsterinsights_sitenote_category":0,"footnotes":""},"categories":[4],"tags":[],"class_list":["post-41907","post","type-post","status-publish","format-standard","has-post-thumbnail","hentry","category-noticias"],"_links":{"self":[{"href":"https:\/\/www.sundde.gob.ve\/index.php?rest_route=\/wp\/v2\/posts\/41907","targetHints":{"allow":["GET"]}}],"collection":[{"href":"https:\/\/www.sundde.gob.ve\/index.php?rest_route=\/wp\/v2\/posts"}],"about":[{"href":"https:\/\/www.sundde.gob.ve\/index.php?rest_route=\/wp\/v2\/types\/post"}],"author":[{"embeddable":true,"href":"https:\/\/www.sundde.gob.ve\/index.php?rest_route=\/wp\/v2\/users\/5"}],"replies":[{"embeddable":true,"href":"https:\/\/www.sundde.gob.ve\/index.php?rest_route=%2Fwp%2Fv2%2Fcomments&post=41907"}],"version-history":[{"count":2,"href":"https:\/\/www.sundde.gob.ve\/index.php?rest_route=\/wp\/v2\/posts\/41907\/revisions"}],"predecessor-version":[{"id":42023,"href":"https:\/\/www.sundde.gob.ve\/index.php?rest_route=\/wp\/v2\/posts\/41907\/revisions\/42023"}],"wp:featuredmedia":[{"embeddable":true,"href":"https:\/\/www.sundde.gob.ve\/index.php?rest_route=\/wp\/v2\/media\/41908"}],"wp:attachment":[{"href":"https:\/\/www.sundde.gob.ve\/index.php?rest_route=%2Fwp%2Fv2%2Fmedia&parent=41907"}],"wp:term":[{"taxonomy":"category","embeddable":true,"href":"https:\/\/www.sundde.gob.ve\/index.php?rest_route=%2Fwp%2Fv2%2Fcategories&post=41907"},{"taxonomy":"post_tag","embeddable":true,"href":"https:\/\/www.sundde.gob.ve\/index.php?rest_route=%2Fwp%2Fv2%2Ftags&post=41907"}],"curies":[{"name":"wp","href":"https:\/\/api.w.org\/{rel}","templated":true}]}}