{"id":42087,"date":"2026-01-14T15:34:39","date_gmt":"2026-01-14T15:34:39","guid":{"rendered":"https:\/\/www.sundde.gob.ve\/?p=42087"},"modified":"2026-01-21T15:35:07","modified_gmt":"2026-01-21T15:35:07","slug":"estado-mayor-de-economia-fortalece-alianzas-con-sectores-productivos-de-la-guaira","status":"publish","type":"post","link":"https:\/\/www.sundde.gob.ve\/?p=42087","title":{"rendered":"Estado Mayor de Econom\u00eda fortalece alianzas con sectores productivos de La Guaira"},"content":{"rendered":"\n<figure class=\"wp-block-gallery has-nested-images columns-default is-cropped wp-block-gallery-1 is-layout-flex wp-block-gallery-is-layout-flex\">\n<figure class=\"wp-block-image size-large\"><img fetchpriority=\"high\" decoding=\"async\" width=\"1024\" height=\"766\" data-id=\"42090\" src=\"https:\/\/www.sundde.gob.ve\/wp-content\/uploads\/2026\/01\/SUPERINTENDENTA-21-01-2026-1-1-1024x766.jpg\" alt=\"\" class=\"wp-image-42090\" srcset=\"https:\/\/www.sundde.gob.ve\/wp-content\/uploads\/2026\/01\/SUPERINTENDENTA-21-01-2026-1-1-1024x766.jpg 1024w, https:\/\/www.sundde.gob.ve\/wp-content\/uploads\/2026\/01\/SUPERINTENDENTA-21-01-2026-1-1-300x225.jpg 300w, https:\/\/www.sundde.gob.ve\/wp-content\/uploads\/2026\/01\/SUPERINTENDENTA-21-01-2026-1-1-768x575.jpg 768w, https:\/\/www.sundde.gob.ve\/wp-content\/uploads\/2026\/01\/SUPERINTENDENTA-21-01-2026-1-1-1140x853.jpg 1140w, https:\/\/www.sundde.gob.ve\/wp-content\/uploads\/2026\/01\/SUPERINTENDENTA-21-01-2026-1-1.jpg 1280w\" sizes=\"(max-width: 1024px) 100vw, 1024px\" \/><\/figure>\n<\/figure>\n\n\n\n<p>Con el objetivo de dinamizar la actividad comercial y garantizar la estabilidad econ\u00f3mica en el litoral central, el Estado Mayor de Econom\u00eda Regional sostuvo encuentro con representantes clave del sector empresarial de la entidad.<\/p>\n\n\n\n<p>La reuni\u00f3n cont\u00f3 con la participaci\u00f3n de representantes de la Gobernaci\u00f3n de La Guaira, el Observatorio Econ\u00f3mico regional, sector privado y autoridades del Ministerio de Comercio Nacional.<\/p>\n\n\n\n<p>La base fundamental de esta mesa de trabajo es establecer un acercamiento directo con los gremios que mueven la econom\u00eda cotidiana. El encuentro cont\u00f3 con la participaci\u00f3n de 36 representantes de sectores estrat\u00e9gicos, entre los que destacan:<\/p>\n\n\n\n<p>-Alimentaci\u00f3n: Supermercados, distribuidoras, carnicer\u00edas y bodegones.<\/p>\n\n\n\n<p>-Salud: Sector farmac\u00e9utico.<\/p>\n\n\n\n<p>-Comunidad Comercial: Representantes del sector asi\u00e1tico con amplia presencia en la entidad.<\/p>\n\n\n\n<figure class=\"wp-block-gallery has-nested-images columns-default is-cropped wp-block-gallery-2 is-layout-flex wp-block-gallery-is-layout-flex\">\n<figure class=\"wp-block-image size-large\"><img decoding=\"async\" width=\"1024\" height=\"766\" data-id=\"42091\" src=\"https:\/\/www.sundde.gob.ve\/wp-content\/uploads\/2026\/01\/SUPERINTENDENTA-21-01-2026-2-1024x766.jpg\" alt=\"\" class=\"wp-image-42091\" srcset=\"https:\/\/www.sundde.gob.ve\/wp-content\/uploads\/2026\/01\/SUPERINTENDENTA-21-01-2026-2-1024x766.jpg 1024w, https:\/\/www.sundde.gob.ve\/wp-content\/uploads\/2026\/01\/SUPERINTENDENTA-21-01-2026-2-300x225.jpg 300w, https:\/\/www.sundde.gob.ve\/wp-content\/uploads\/2026\/01\/SUPERINTENDENTA-21-01-2026-2-768x575.jpg 768w, https:\/\/www.sundde.gob.ve\/wp-content\/uploads\/2026\/01\/SUPERINTENDENTA-21-01-2026-2-1140x853.jpg 1140w, https:\/\/www.sundde.gob.ve\/wp-content\/uploads\/2026\/01\/SUPERINTENDENTA-21-01-2026-2.jpg 1280w\" sizes=\"(max-width: 1024px) 100vw, 1024px\" \/><\/figure>\n\n\n\n<figure class=\"wp-block-image size-large\"><img decoding=\"async\" width=\"1024\" height=\"766\" data-id=\"42092\" src=\"https:\/\/www.sundde.gob.ve\/wp-content\/uploads\/2026\/01\/SUPERINTENDENTA-21-01-2026-3-1024x766.jpg\" alt=\"\" class=\"wp-image-42092\" srcset=\"https:\/\/www.sundde.gob.ve\/wp-content\/uploads\/2026\/01\/SUPERINTENDENTA-21-01-2026-3-1024x766.jpg 1024w, https:\/\/www.sundde.gob.ve\/wp-content\/uploads\/2026\/01\/SUPERINTENDENTA-21-01-2026-3-300x225.jpg 300w, https:\/\/www.sundde.gob.ve\/wp-content\/uploads\/2026\/01\/SUPERINTENDENTA-21-01-2026-3-768x575.jpg 768w, https:\/\/www.sundde.gob.ve\/wp-content\/uploads\/2026\/01\/SUPERINTENDENTA-21-01-2026-3-1140x853.jpg 1140w, https:\/\/www.sundde.gob.ve\/wp-content\/uploads\/2026\/01\/SUPERINTENDENTA-21-01-2026-3.jpg 1280w\" sizes=\"(max-width: 1024px) 100vw, 1024px\" \/><\/figure>\n<\/figure>\n\n\n\n<p>Durante la jornada, se realiz\u00f3 an\u00e1lisis del estado actual de cada gremio, evaluando las oportunidades de crecimiento, para seguir avanzando en el abastecimiento y sustentar las necesidades del pueblo. El objetivo es simplificar procesos y generar condiciones que permitan a los comerciantes mantener el abastecimiento y la estabilidad de precios para el pueblo guaire\u00f1o.<\/p>\n\n\n\n<p>Con esta iniciativa, el Gobierno Bolivariano reafirma su compromiso de trabajar de la mano con quienes invierten en el estado, promoviendo un ecosistema econ\u00f3mico saludable que beneficie tanto a comerciantes como a consumidores finales.<\/p>\n\n\n\n<p><strong>Prensa: Sundde<\/strong>.\/P:N.B.<\/p>\n","protected":false},"excerpt":{"rendered":"<p>Con el objetivo de dinamizar la actividad comercial y garantizar la estabilidad econ\u00f3mica en el litoral central, el Estado Mayor de Econom\u00eda Regional sostuvo encuentro con representantes clave del sector empresarial de la entidad. La reuni\u00f3n cont\u00f3 con la participaci\u00f3n de representantes de la Gobernaci\u00f3n de La Guaira, el Observatorio Econ\u00f3mico regional, sector privado y autoridades del Ministerio de Comercio Nacional. La base fundamental de esta mesa de trabajo es establecer un acercamiento directo con los gremios que mueven la econom\u00eda cotidiana. El encuentro cont\u00f3 con la participaci\u00f3n de 36 representantes de sectores estrat\u00e9gicos, entre los que destacan: -Alimentaci\u00f3n: Supermercados, distribuidoras, carnicer\u00edas y bodegones. -Salud: Sector farmac\u00e9utico. -Comunidad Comercial: Representantes del sector asi\u00e1tico con amplia presencia en la entidad. Durante la jornada, se realiz\u00f3 an\u00e1lisis del estado actual de cada gremio, evaluando las oportunidades de crecimiento, para seguir avanzando en el abastecimiento y sustentar las necesidades del pueblo. El objetivo es simplificar procesos y generar condiciones que permitan a los comerciantes mantener el abastecimiento y la estabilidad de precios para el pueblo guaire\u00f1o. Con esta iniciativa, el Gobierno Bolivariano reafirma su compromiso de trabajar de la mano con quienes invierten en el estado, promoviendo un ecosistema econ\u00f3mico saludable que beneficie tanto a comerciantes como a consumidores finales. Prensa: Sundde.\/P:N.B.<\/p>\n","protected":false},"author":5,"featured_media":42088,"comment_status":"closed","ping_status":"closed","sticky":false,"template":"","format":"standard","meta":{"_monsterinsights_skip_tracking":false,"_monsterinsights_sitenote_active":false,"_monsterinsights_sitenote_note":"","_monsterinsights_sitenote_category":0,"footnotes":""},"categories":[4],"tags":[],"class_list":["post-42087","post","type-post","status-publish","format-standard","has-post-thumbnail","hentry","category-noticias"],"_links":{"self":[{"href":"https:\/\/www.sundde.gob.ve\/index.php?rest_route=\/wp\/v2\/posts\/42087","targetHints":{"allow":["GET"]}}],"collection":[{"href":"https:\/\/www.sundde.gob.ve\/index.php?rest_route=\/wp\/v2\/posts"}],"about":[{"href":"https:\/\/www.sundde.gob.ve\/index.php?rest_route=\/wp\/v2\/types\/post"}],"author":[{"embeddable":true,"href":"https:\/\/www.sundde.gob.ve\/index.php?rest_route=\/wp\/v2\/users\/5"}],"replies":[{"embeddable":true,"href":"https:\/\/www.sundde.gob.ve\/index.php?rest_route=%2Fwp%2Fv2%2Fcomments&post=42087"}],"version-history":[{"count":1,"href":"https:\/\/www.sundde.gob.ve\/index.php?rest_route=\/wp\/v2\/posts\/42087\/revisions"}],"predecessor-version":[{"id":42093,"href":"https:\/\/www.sundde.gob.ve\/index.php?rest_route=\/wp\/v2\/posts\/42087\/revisions\/42093"}],"wp:featuredmedia":[{"embeddable":true,"href":"https:\/\/www.sundde.gob.ve\/index.php?rest_route=\/wp\/v2\/media\/42088"}],"wp:attachment":[{"href":"https:\/\/www.sundde.gob.ve\/index.php?rest_route=%2Fwp%2Fv2%2Fmedia&parent=42087"}],"wp:term":[{"taxonomy":"category","embeddable":true,"href":"https:\/\/www.sundde.gob.ve\/index.php?rest_route=%2Fwp%2Fv2%2Fcategories&post=42087"},{"taxonomy":"post_tag","embeddable":true,"href":"https:\/\/www.sundde.gob.ve\/index.php?rest_route=%2Fwp%2Fv2%2Ftags&post=42087"}],"curies":[{"name":"wp","href":"https:\/\/api.w.org\/{rel}","templated":true}]}}