{"id":42124,"date":"2026-01-22T17:51:57","date_gmt":"2026-01-22T17:51:57","guid":{"rendered":"https:\/\/www.sundde.gob.ve\/?p=42124"},"modified":"2026-01-22T17:51:57","modified_gmt":"2026-01-22T17:51:57","slug":"gobierno-nacional-asignara-recursos-para-el-fortalecimiento-del-poder-popular","status":"publish","type":"post","link":"https:\/\/www.sundde.gob.ve\/?p=42124","title":{"rendered":"Gobierno Nacional asignar\u00e1 recursos para el fortalecimiento del Poder Popular"},"content":{"rendered":"<div class=\"wp-block-image\">\n<figure class=\"aligncenter size-full\"><img fetchpriority=\"high\" decoding=\"async\" width=\"780\" height=\"470\" src=\"https:\/\/www.sundde.gob.ve\/wp-content\/uploads\/2026\/01\/photo_2026-01-21_22-17-16-3.webp\" alt=\"\" class=\"wp-image-42125\" srcset=\"https:\/\/www.sundde.gob.ve\/wp-content\/uploads\/2026\/01\/photo_2026-01-21_22-17-16-3.webp 780w, https:\/\/www.sundde.gob.ve\/wp-content\/uploads\/2026\/01\/photo_2026-01-21_22-17-16-3-300x181.webp 300w, https:\/\/www.sundde.gob.ve\/wp-content\/uploads\/2026\/01\/photo_2026-01-21_22-17-16-3-768x463.webp 768w\" sizes=\"(max-width: 780px) 100vw, 780px\" \/><\/figure>\n<\/div>\n\n\n<p>Desde el Palacio de Miraflores, el Gobierno Nacional anunci\u00f3 este mi\u00e9rcoles, un incremento hist\u00f3rico de al menos el 37% en los recursos asignados en divisas a la gesti\u00f3n p\u00fablica territorial para el ejercicio fiscal 2026. Este significativo aumento presupuestario tiene como objetivo principal dotar a las gobernaciones y alcald\u00edas de mayor capacidad financiera para atender las demandas urgentes de la poblaci\u00f3n, fortaleciendo la coordinaci\u00f3n entre el gabinete nacional y los mandatarios locales.<\/p>\n\n\n\n<p>La Presidenta Encargada explic\u00f3 que de un total de los fondos, el 53% ser\u00e1 transferido directamente al Poder Popular, mientras que el 29% se asignar\u00e1 a las gobernaciones, el 15% a las alcald\u00edas y un 3% estar\u00e1 destinado al fortalecimiento institucional.<\/p>\n\n\n\n<p>En un contexto econ\u00f3mico de recuperaci\u00f3n, esta medida busca dinamizar la inversi\u00f3n p\u00fablica en todo el territorio, con un impacto directo en la reactivaci\u00f3n productiva y la mejora de servicios esenciales, fundamentales para el crecimiento sostenido de la econom\u00eda venezolana y el buen vivir y estabilidad venezolana.<\/p>\n\n\n\n<p>Bajo los principios de la democracia participativa, la distribuci\u00f3n de estos recursos refuerza un modelo de gesti\u00f3n comunal. Este esquema garantiza que la mayor parte de la inversi\u00f3n nacional sea ejecutada por las propias comunidades organizadas en proyectos de desarrollo local, priorizando sus necesidades espec\u00edficas y potenciando el tejido socioecon\u00f3mico desde la base.<\/p>\n\n\n\n<p>La importancia de esta inyecci\u00f3n de divisas en la econom\u00eda venezolana de 2026 es multifac\u00e9tica. Al optimizar la gesti\u00f3n en servicios y atenci\u00f3n social, se espera un efecto multiplicador que impulse la actividad econ\u00f3mica regional, genere empleo local y mejore la calidad de vida. La medida permite que los l\u00edderes regionales cuenten con herramientas concretas para enfrentar desaf\u00edos persistentes, acelerando proyectos de infraestructura, agricultura y producci\u00f3n que reducen dependencias y fomentan la estabilidad interna.<\/p>\n\n\n\n<p>En el mismo contexto, Rodr\u00edguez, reafirma su apuesta por la descentralizaci\u00f3n efectiva de los recursos y su confianza en la capacidad de gesti\u00f3n de las bases populares para la resoluci\u00f3n de problemas locales y llevar a cabo los proyectos comunales solicitados. La asignaci\u00f3n prioritaria al Poder Popular no solo consolida un modelo de gobernanza, sino que tambi\u00e9n se proyecta como un mecanismo clave para sostener la reactivaci\u00f3n econ\u00f3mica, al canalizar inversiones que responden directamente a las din\u00e1micas y potencialidades de cada comunidad en el territorio nacional.<\/p>\n\n\n\n<p><strong>Prensa: Ministerio del Poder Popular de Industrias y Comercio Nacional.<\/strong><\/p>\n","protected":false},"excerpt":{"rendered":"<p>Desde el Palacio de Miraflores, el Gobierno Nacional anunci\u00f3 este mi\u00e9rcoles, un incremento hist\u00f3rico de al menos el 37% en los recursos asignados en divisas a la gesti\u00f3n p\u00fablica territorial para el ejercicio fiscal 2026. Este significativo aumento presupuestario tiene como objetivo principal dotar a las gobernaciones y alcald\u00edas de mayor capacidad financiera para atender las demandas urgentes de la poblaci\u00f3n, fortaleciendo la coordinaci\u00f3n entre el gabinete nacional y los mandatarios locales. La Presidenta Encargada explic\u00f3 que de un total de los fondos, el 53% ser\u00e1 transferido directamente al Poder Popular, mientras que el 29% se asignar\u00e1 a las gobernaciones, el 15% a las alcald\u00edas y un 3% estar\u00e1 destinado al fortalecimiento institucional. En un contexto econ\u00f3mico de recuperaci\u00f3n, esta medida busca dinamizar la inversi\u00f3n p\u00fablica en todo el territorio, con un impacto directo en la reactivaci\u00f3n productiva y la mejora de servicios esenciales, fundamentales para el crecimiento sostenido de la econom\u00eda venezolana y el buen vivir y estabilidad venezolana. Bajo los principios de la democracia participativa, la distribuci\u00f3n de estos recursos refuerza un modelo de gesti\u00f3n comunal. Este esquema garantiza que la mayor parte de la inversi\u00f3n nacional sea ejecutada por las propias comunidades organizadas en proyectos de desarrollo local, priorizando sus necesidades espec\u00edficas y potenciando el tejido socioecon\u00f3mico desde la base. La importancia de esta inyecci\u00f3n de divisas en la econom\u00eda venezolana de 2026 es multifac\u00e9tica. Al optimizar la gesti\u00f3n en servicios y atenci\u00f3n social, se espera un efecto multiplicador que impulse la actividad econ\u00f3mica regional, genere empleo local y mejore la calidad de vida. La medida permite que los l\u00edderes regionales cuenten con herramientas concretas para enfrentar desaf\u00edos persistentes, acelerando proyectos de infraestructura, agricultura y producci\u00f3n que reducen dependencias y fomentan la estabilidad interna. En el mismo contexto, Rodr\u00edguez, reafirma su apuesta por la descentralizaci\u00f3n efectiva de los recursos y su confianza en la capacidad de gesti\u00f3n de las bases populares para la resoluci\u00f3n de problemas locales y llevar a cabo los proyectos comunales solicitados. La asignaci\u00f3n prioritaria al Poder Popular no solo consolida un modelo de gobernanza, sino que tambi\u00e9n se proyecta como un mecanismo clave para sostener la reactivaci\u00f3n econ\u00f3mica, al canalizar inversiones que responden directamente a las din\u00e1micas y potencialidades de cada comunidad en el territorio nacional. Prensa: Ministerio del Poder Popular de Industrias y Comercio Nacional.<\/p>\n","protected":false},"author":12,"featured_media":42126,"comment_status":"closed","ping_status":"closed","sticky":false,"template":"","format":"standard","meta":{"_monsterinsights_skip_tracking":false,"_monsterinsights_sitenote_active":false,"_monsterinsights_sitenote_note":"","_monsterinsights_sitenote_category":0,"footnotes":""},"categories":[4],"tags":[],"class_list":["post-42124","post","type-post","status-publish","format-standard","has-post-thumbnail","hentry","category-noticias"],"_links":{"self":[{"href":"https:\/\/www.sundde.gob.ve\/index.php?rest_route=\/wp\/v2\/posts\/42124","targetHints":{"allow":["GET"]}}],"collection":[{"href":"https:\/\/www.sundde.gob.ve\/index.php?rest_route=\/wp\/v2\/posts"}],"about":[{"href":"https:\/\/www.sundde.gob.ve\/index.php?rest_route=\/wp\/v2\/types\/post"}],"author":[{"embeddable":true,"href":"https:\/\/www.sundde.gob.ve\/index.php?rest_route=\/wp\/v2\/users\/12"}],"replies":[{"embeddable":true,"href":"https:\/\/www.sundde.gob.ve\/index.php?rest_route=%2Fwp%2Fv2%2Fcomments&post=42124"}],"version-history":[{"count":1,"href":"https:\/\/www.sundde.gob.ve\/index.php?rest_route=\/wp\/v2\/posts\/42124\/revisions"}],"predecessor-version":[{"id":42127,"href":"https:\/\/www.sundde.gob.ve\/index.php?rest_route=\/wp\/v2\/posts\/42124\/revisions\/42127"}],"wp:featuredmedia":[{"embeddable":true,"href":"https:\/\/www.sundde.gob.ve\/index.php?rest_route=\/wp\/v2\/media\/42126"}],"wp:attachment":[{"href":"https:\/\/www.sundde.gob.ve\/index.php?rest_route=%2Fwp%2Fv2%2Fmedia&parent=42124"}],"wp:term":[{"taxonomy":"category","embeddable":true,"href":"https:\/\/www.sundde.gob.ve\/index.php?rest_route=%2Fwp%2Fv2%2Fcategories&post=42124"},{"taxonomy":"post_tag","embeddable":true,"href":"https:\/\/www.sundde.gob.ve\/index.php?rest_route=%2Fwp%2Fv2%2Ftags&post=42124"}],"curies":[{"name":"wp","href":"https:\/\/api.w.org\/{rel}","templated":true}]}}