{"id":42267,"date":"2026-01-25T15:18:11","date_gmt":"2026-01-25T15:18:11","guid":{"rendered":"https:\/\/www.sundde.gob.ve\/?p=42267"},"modified":"2026-01-25T15:45:53","modified_gmt":"2026-01-25T15:45:53","slug":"instituciones-del-estado-instalan-mesa-tecnica-en-inmerca-para-garantizar-la-estabilidad-comercial-en-caracas","status":"publish","type":"post","link":"https:\/\/www.sundde.gob.ve\/?p=42267","title":{"rendered":"Instituciones del Estado instalan Mesa T\u00e9cnica en Inmerca para garantizar la estabilidad comercial en Caracas"},"content":{"rendered":"<div class=\"wp-block-image\">\n<figure class=\"aligncenter size-large\"><img fetchpriority=\"high\" decoding=\"async\" width=\"1024\" height=\"768\" src=\"https:\/\/www.sundde.gob.ve\/wp-content\/uploads\/2026\/01\/IMG_20260125_111419_327-1024x768.jpg\" alt=\"\" class=\"wp-image-42268\" srcset=\"https:\/\/www.sundde.gob.ve\/wp-content\/uploads\/2026\/01\/IMG_20260125_111419_327-1024x768.jpg 1024w, https:\/\/www.sundde.gob.ve\/wp-content\/uploads\/2026\/01\/IMG_20260125_111419_327-300x225.jpg 300w, https:\/\/www.sundde.gob.ve\/wp-content\/uploads\/2026\/01\/IMG_20260125_111419_327-768x576.jpg 768w, https:\/\/www.sundde.gob.ve\/wp-content\/uploads\/2026\/01\/IMG_20260125_111419_327-1140x855.jpg 1140w, https:\/\/www.sundde.gob.ve\/wp-content\/uploads\/2026\/01\/IMG_20260125_111419_327.jpg 1280w\" sizes=\"(max-width: 1024px) 100vw, 1024px\" \/><\/figure>\n<\/div>\n\n\n<p>Con el firme prop\u00f3sito de salvaguardar el bienestar social y proteger la econom\u00eda familiar, la Integral de Mercados y Almacenes (Inmerca) fue escenario de una jornada de articulaci\u00f3n de alto nivel para la instalaci\u00f3n de la Mesa de Di\u00e1logo y Concertaci\u00f3n para la Estabilidad del Comercio Nacional.<\/p>\n\n\n\n<p>El encuentro, realizado en el Mercado Mayorista de Coche, reuni\u00f3 a representantes de la Alcald\u00eda de Caracas, Sunagro, la C\u00e1mara Municipal de Comercio y el Ministerio del Poder Popular de Industrias y Comercio Nacional. Esta alianza institucional tuvo como objetivo ejecutar el Plan Nacional para la Estabilidad del Comercio y la protecci\u00f3n poder adquisitivo de los caraque\u00f1os.<\/p>\n\n\n\n<p>Durante la actividad, las autoridades destacaron que el acuerdo busca optimizar las cadenas de distribuci\u00f3n y comercializaci\u00f3n en la capital. En este sentido, Inmerca, en su rol de ente rector de los mercados municipales, asume la responsabilidad de garantizar un flujo constante de bienes esenciales, velando por el cumplimiento de precios equilibrados y el acceso oportuno para la ciudadan\u00eda.<\/p>\n\n\n\n<p>Este esfuerzo interinstitucional ratifica la determinaci\u00f3n del Gobierno Bolivariano por preservar la paz territorial y la soberan\u00eda alimentaria en la ciudad capital. Mediante la consolidaci\u00f3n de este modelo de gesti\u00f3n p\u00fablica, se ofrece una respuesta contundente a las necesidades de las familias venezolanas, promoviendo una econom\u00eda sana, justa y sostenible. <strong><a href=\"https:\/\/www.sundde.gob.ve?p=42274\" data-type=\"link\" data-id=\"https:\/\/www.sundde.gob.ve?p=42274\">Ver Galer\u00eda <\/a><\/strong><\/p>\n\n\n\n<figure class=\"wp-block-gallery has-nested-images columns-default is-cropped wp-block-gallery-1 is-layout-flex wp-block-gallery-is-layout-flex\">\n<figure class=\"wp-block-image size-large\"><img decoding=\"async\" width=\"1024\" height=\"768\" data-id=\"42269\" src=\"https:\/\/www.sundde.gob.ve\/wp-content\/uploads\/2026\/01\/IMG_20260125_111605_444-1024x768.jpg\" alt=\"\" class=\"wp-image-42269\" srcset=\"https:\/\/www.sundde.gob.ve\/wp-content\/uploads\/2026\/01\/IMG_20260125_111605_444-1024x768.jpg 1024w, https:\/\/www.sundde.gob.ve\/wp-content\/uploads\/2026\/01\/IMG_20260125_111605_444-300x225.jpg 300w, https:\/\/www.sundde.gob.ve\/wp-content\/uploads\/2026\/01\/IMG_20260125_111605_444-768x576.jpg 768w, https:\/\/www.sundde.gob.ve\/wp-content\/uploads\/2026\/01\/IMG_20260125_111605_444-1140x855.jpg 1140w, https:\/\/www.sundde.gob.ve\/wp-content\/uploads\/2026\/01\/IMG_20260125_111605_444.jpg 1280w\" sizes=\"(max-width: 1024px) 100vw, 1024px\" \/><\/figure>\n\n\n\n<figure class=\"wp-block-image size-large\"><img decoding=\"async\" width=\"1024\" height=\"768\" data-id=\"42270\" src=\"https:\/\/www.sundde.gob.ve\/wp-content\/uploads\/2026\/01\/IMG_20260125_111605_259-1024x768.jpg\" alt=\"\" class=\"wp-image-42270\" srcset=\"https:\/\/www.sundde.gob.ve\/wp-content\/uploads\/2026\/01\/IMG_20260125_111605_259-1024x768.jpg 1024w, https:\/\/www.sundde.gob.ve\/wp-content\/uploads\/2026\/01\/IMG_20260125_111605_259-300x225.jpg 300w, https:\/\/www.sundde.gob.ve\/wp-content\/uploads\/2026\/01\/IMG_20260125_111605_259-768x576.jpg 768w, https:\/\/www.sundde.gob.ve\/wp-content\/uploads\/2026\/01\/IMG_20260125_111605_259-1140x855.jpg 1140w, https:\/\/www.sundde.gob.ve\/wp-content\/uploads\/2026\/01\/IMG_20260125_111605_259.jpg 1280w\" sizes=\"(max-width: 1024px) 100vw, 1024px\" \/><\/figure>\n\n\n\n<figure class=\"wp-block-image size-large\"><img loading=\"lazy\" decoding=\"async\" width=\"1024\" height=\"768\" data-id=\"42271\" src=\"https:\/\/www.sundde.gob.ve\/wp-content\/uploads\/2026\/01\/IMG_20260125_111604_739-1024x768.jpg\" alt=\"\" class=\"wp-image-42271\" srcset=\"https:\/\/www.sundde.gob.ve\/wp-content\/uploads\/2026\/01\/IMG_20260125_111604_739-1024x768.jpg 1024w, https:\/\/www.sundde.gob.ve\/wp-content\/uploads\/2026\/01\/IMG_20260125_111604_739-300x225.jpg 300w, https:\/\/www.sundde.gob.ve\/wp-content\/uploads\/2026\/01\/IMG_20260125_111604_739-768x576.jpg 768w, https:\/\/www.sundde.gob.ve\/wp-content\/uploads\/2026\/01\/IMG_20260125_111604_739-1140x855.jpg 1140w, https:\/\/www.sundde.gob.ve\/wp-content\/uploads\/2026\/01\/IMG_20260125_111604_739.jpg 1280w\" sizes=\"(max-width: 1024px) 100vw, 1024px\" \/><\/figure>\n<\/figure>\n\n\n\n<p><strong>Prensa Sundde <\/strong>MT<\/p>\n\n\n\n<p><\/p>\n","protected":false},"excerpt":{"rendered":"<p>Con el firme prop\u00f3sito de salvaguardar el bienestar social y proteger la econom\u00eda familiar, la Integral de Mercados y Almacenes (Inmerca) fue escenario de una jornada de articulaci\u00f3n de alto nivel para la instalaci\u00f3n de la Mesa de Di\u00e1logo y Concertaci\u00f3n para la Estabilidad del Comercio Nacional. El encuentro, realizado en el Mercado Mayorista de Coche, reuni\u00f3 a representantes de la Alcald\u00eda de Caracas, Sunagro, la C\u00e1mara Municipal de Comercio y el Ministerio del Poder Popular de Industrias y Comercio Nacional. Esta alianza institucional tuvo como objetivo ejecutar el Plan Nacional para la Estabilidad del Comercio y la protecci\u00f3n poder adquisitivo de los caraque\u00f1os. Durante la actividad, las autoridades destacaron que el acuerdo busca optimizar las cadenas de distribuci\u00f3n y comercializaci\u00f3n en la capital. En este sentido, Inmerca, en su rol de ente rector de los mercados municipales, asume la responsabilidad de garantizar un flujo constante de bienes esenciales, velando por el cumplimiento de precios equilibrados y el acceso oportuno para la ciudadan\u00eda. Este esfuerzo interinstitucional ratifica la determinaci\u00f3n del Gobierno Bolivariano por preservar la paz territorial y la soberan\u00eda alimentaria en la ciudad capital. Mediante la consolidaci\u00f3n de este modelo de gesti\u00f3n p\u00fablica, se ofrece una respuesta contundente a las necesidades de las familias venezolanas, promoviendo una econom\u00eda sana, justa y sostenible. Ver Galer\u00eda Prensa Sundde MT<\/p>\n","protected":false},"author":11,"featured_media":42272,"comment_status":"closed","ping_status":"closed","sticky":false,"template":"","format":"standard","meta":{"_monsterinsights_skip_tracking":false,"_monsterinsights_sitenote_active":false,"_monsterinsights_sitenote_note":"","_monsterinsights_sitenote_category":0,"footnotes":""},"categories":[4],"tags":[],"class_list":["post-42267","post","type-post","status-publish","format-standard","has-post-thumbnail","hentry","category-noticias"],"_links":{"self":[{"href":"https:\/\/www.sundde.gob.ve\/index.php?rest_route=\/wp\/v2\/posts\/42267","targetHints":{"allow":["GET"]}}],"collection":[{"href":"https:\/\/www.sundde.gob.ve\/index.php?rest_route=\/wp\/v2\/posts"}],"about":[{"href":"https:\/\/www.sundde.gob.ve\/index.php?rest_route=\/wp\/v2\/types\/post"}],"author":[{"embeddable":true,"href":"https:\/\/www.sundde.gob.ve\/index.php?rest_route=\/wp\/v2\/users\/11"}],"replies":[{"embeddable":true,"href":"https:\/\/www.sundde.gob.ve\/index.php?rest_route=%2Fwp%2Fv2%2Fcomments&post=42267"}],"version-history":[{"count":5,"href":"https:\/\/www.sundde.gob.ve\/index.php?rest_route=\/wp\/v2\/posts\/42267\/revisions"}],"predecessor-version":[{"id":42290,"href":"https:\/\/www.sundde.gob.ve\/index.php?rest_route=\/wp\/v2\/posts\/42267\/revisions\/42290"}],"wp:featuredmedia":[{"embeddable":true,"href":"https:\/\/www.sundde.gob.ve\/index.php?rest_route=\/wp\/v2\/media\/42272"}],"wp:attachment":[{"href":"https:\/\/www.sundde.gob.ve\/index.php?rest_route=%2Fwp%2Fv2%2Fmedia&parent=42267"}],"wp:term":[{"taxonomy":"category","embeddable":true,"href":"https:\/\/www.sundde.gob.ve\/index.php?rest_route=%2Fwp%2Fv2%2Fcategories&post=42267"},{"taxonomy":"post_tag","embeddable":true,"href":"https:\/\/www.sundde.gob.ve\/index.php?rest_route=%2Fwp%2Fv2%2Ftags&post=42267"}],"curies":[{"name":"wp","href":"https:\/\/api.w.org\/{rel}","templated":true}]}}