{"id":43978,"date":"2026-04-27T12:06:46","date_gmt":"2026-04-27T12:06:46","guid":{"rendered":"https:\/\/www.sundde.gob.ve\/?p=43978"},"modified":"2026-04-27T12:07:05","modified_gmt":"2026-04-27T12:07:05","slug":"consejo-nacional-de-economia-recorrera-las-regiones-del-pais","status":"publish","type":"post","link":"https:\/\/www.sundde.gob.ve\/?p=43978","title":{"rendered":"Consejo Nacional de Econom\u00eda recorrer\u00e1 las regiones del pa\u00eds"},"content":{"rendered":"\n<figure class=\"wp-block-gallery has-nested-images columns-default is-cropped wp-block-gallery-1 is-layout-flex wp-block-gallery-is-layout-flex\">\n<figure class=\"wp-block-image size-large\"><img fetchpriority=\"high\" decoding=\"async\" width=\"780\" height=\"470\" data-id=\"43979\" src=\"https:\/\/www.sundde.gob.ve\/wp-content\/uploads\/2026\/04\/IMG_20260426_162550_299.webp\" alt=\"\" class=\"wp-image-43979\" srcset=\"https:\/\/www.sundde.gob.ve\/wp-content\/uploads\/2026\/04\/IMG_20260426_162550_299.webp 780w, https:\/\/www.sundde.gob.ve\/wp-content\/uploads\/2026\/04\/IMG_20260426_162550_299-300x181.webp 300w, https:\/\/www.sundde.gob.ve\/wp-content\/uploads\/2026\/04\/IMG_20260426_162550_299-768x463.webp 768w\" sizes=\"(max-width: 780px) 100vw, 780px\" \/><\/figure>\n<\/figure>\n\n\n\n<p>El Consejo Nacional de Econom\u00eda se instal\u00f3 en el estado Yaracuy luego de que la doctora Delcy Rodr\u00edguez, presidenta encargada de la Rep\u00fablica Bolivariana de Venezuela, instruyera que dicho organismo recorra cada una de las regiones del pa\u00eds.<\/p>\n\n\n\n<p>El anuncio fue dado a conocer por la Presidenta Encargada, durante un encuentro con diversos sectores productivos y sociales en el marco de la Peregrinaci\u00f3n por la Paz en el estado.<\/p>\n\n\n\n<p>\u201cQue el Consejo Nacional de Econom\u00eda se vaya a las regiones, fue una instrucci\u00f3n; de hecho, vamos a instalarlo ya mismo en Yaracuy\u201d, manifest\u00f3 Rodr\u00edguez.<\/p>\n\n\n\n<p>Asimismo, anunci\u00f3 un plan para revitalizar la econom\u00eda del estado Yaracuy, por ello destac\u00f3 la importancia estrat\u00e9gica de los sectores agr\u00edcola y ganadero como potencial del estado para el desarrollo productivo del pa\u00eds.<\/p>\n\n\n\n<p>\u00abHay que recuperar el nivel de participaci\u00f3n que tuvo Yaracuy en el Producto Interno Bruto en una \u00e9poca\u00bb, finaliz\u00f3.<\/p>\n\n\n\n<p><strong>Prensa: Ministerio del Poder Popular de Industrias y Comercio Nacional.<\/strong><\/p>\n","protected":false},"excerpt":{"rendered":"<p>El Consejo Nacional de Econom\u00eda se instal\u00f3 en el estado Yaracuy luego de que la doctora Delcy Rodr\u00edguez, presidenta encargada de la Rep\u00fablica Bolivariana de Venezuela, instruyera que dicho organismo recorra cada una de las regiones del pa\u00eds. El anuncio fue dado a conocer por la Presidenta Encargada, durante un encuentro con diversos sectores productivos y sociales en el marco de la Peregrinaci\u00f3n por la Paz en el estado. \u201cQue el Consejo Nacional de Econom\u00eda se vaya a las regiones, fue una instrucci\u00f3n; de hecho, vamos a instalarlo ya mismo en Yaracuy\u201d, manifest\u00f3 Rodr\u00edguez. Asimismo, anunci\u00f3 un plan para revitalizar la econom\u00eda del estado Yaracuy, por ello destac\u00f3 la importancia estrat\u00e9gica de los sectores agr\u00edcola y ganadero como potencial del estado para el desarrollo productivo del pa\u00eds. \u00abHay que recuperar el nivel de participaci\u00f3n que tuvo Yaracuy en el Producto Interno Bruto en una \u00e9poca\u00bb, finaliz\u00f3. Prensa: Ministerio del Poder Popular de Industrias y Comercio Nacional.<\/p>\n","protected":false},"author":9,"featured_media":43980,"comment_status":"closed","ping_status":"closed","sticky":false,"template":"","format":"standard","meta":{"_monsterinsights_skip_tracking":false,"_monsterinsights_sitenote_active":false,"_monsterinsights_sitenote_note":"","_monsterinsights_sitenote_category":0,"footnotes":""},"categories":[4],"tags":[],"class_list":["post-43978","post","type-post","status-publish","format-standard","has-post-thumbnail","hentry","category-noticias"],"_links":{"self":[{"href":"https:\/\/www.sundde.gob.ve\/index.php?rest_route=\/wp\/v2\/posts\/43978","targetHints":{"allow":["GET"]}}],"collection":[{"href":"https:\/\/www.sundde.gob.ve\/index.php?rest_route=\/wp\/v2\/posts"}],"about":[{"href":"https:\/\/www.sundde.gob.ve\/index.php?rest_route=\/wp\/v2\/types\/post"}],"author":[{"embeddable":true,"href":"https:\/\/www.sundde.gob.ve\/index.php?rest_route=\/wp\/v2\/users\/9"}],"replies":[{"embeddable":true,"href":"https:\/\/www.sundde.gob.ve\/index.php?rest_route=%2Fwp%2Fv2%2Fcomments&post=43978"}],"version-history":[{"count":2,"href":"https:\/\/www.sundde.gob.ve\/index.php?rest_route=\/wp\/v2\/posts\/43978\/revisions"}],"predecessor-version":[{"id":43982,"href":"https:\/\/www.sundde.gob.ve\/index.php?rest_route=\/wp\/v2\/posts\/43978\/revisions\/43982"}],"wp:featuredmedia":[{"embeddable":true,"href":"https:\/\/www.sundde.gob.ve\/index.php?rest_route=\/wp\/v2\/media\/43980"}],"wp:attachment":[{"href":"https:\/\/www.sundde.gob.ve\/index.php?rest_route=%2Fwp%2Fv2%2Fmedia&parent=43978"}],"wp:term":[{"taxonomy":"category","embeddable":true,"href":"https:\/\/www.sundde.gob.ve\/index.php?rest_route=%2Fwp%2Fv2%2Fcategories&post=43978"},{"taxonomy":"post_tag","embeddable":true,"href":"https:\/\/www.sundde.gob.ve\/index.php?rest_route=%2Fwp%2Fv2%2Ftags&post=43978"}],"curies":[{"name":"wp","href":"https:\/\/api.w.org\/{rel}","templated":true}]}}