{"id":45778,"date":"2026-08-31T14:02:16","date_gmt":"2026-08-31T14:02:16","guid":{"rendered":"https:\/\/www.sundde.gob.ve\/?p=45778"},"modified":"2026-08-31T14:17:31","modified_gmt":"2026-08-31T14:17:31","slug":"ministerio-de-industrias-y-comercio-nacional-inspecciona-espacios-socioproductivos-en-la-comuna-carlos-raul-villanueva","status":"publish","type":"post","link":"https:\/\/www.sundde.gob.ve\/?p=45778","title":{"rendered":"Ministerio de Industrias y Comercio Nacional inspecciona espacios socioproductivos en la Comuna \u00abCarlos Ra\u00fal Villanueva\u00bb"},"content":{"rendered":"<div class=\"wp-block-image\">\n<figure class=\"aligncenter size-full\"><img fetchpriority=\"high\" decoding=\"async\" width=\"780\" height=\"470\" src=\"https:\/\/www.sundde.gob.ve\/wp-content\/uploads\/2026\/08\/IMG_4221.webp\" alt=\"\" class=\"wp-image-45779\" srcset=\"https:\/\/www.sundde.gob.ve\/wp-content\/uploads\/2026\/08\/IMG_4221.webp 780w, https:\/\/www.sundde.gob.ve\/wp-content\/uploads\/2026\/08\/IMG_4221-300x181.webp 300w, https:\/\/www.sundde.gob.ve\/wp-content\/uploads\/2026\/08\/IMG_4221-767x462.webp 767w\" sizes=\"(max-width: 780px) 100vw, 780px\" \/><\/figure>\n<\/div>\n\n\n<p class=\"wp-block-paragraph\">El ministro del Poder Popular de Industrias y Comercio Nacional, Luis Antonio Villegas, realiz\u00f3 un recorrido por los espacios socioproductivos de la Comuna \u00abCarlos Ra\u00fal Villanueva\u00bb con el fin de supervisar la adecuaci\u00f3n de la infraestructura destinada a las distintas unidades de producci\u00f3n.<\/p>\n\n\n\n<p class=\"wp-block-paragraph\">\u200bDurante la visita, se inspeccionaron los avances en la instalaci\u00f3n de cavas cuarto para el almacenamiento, desposte y distribuci\u00f3n de prote\u00ednas c\u00e1rnicas, as\u00ed como las instalaciones orientadas a la cr\u00eda y procesamiento de tilapia.<\/p>\n\n\n\n<p class=\"wp-block-paragraph\">\u200bAsimismo, se evalu\u00f3 el acondicionamiento de las \u00e1reas asignadas para una panader\u00eda comunal y un abasto, y se constat\u00f3 el funcionamiento de la Sala de Autogobierno Popular.<\/p>\n\n\n\n<p class=\"wp-block-paragraph\">\u200bEl vocero Yefferson \u00c1lvarez se\u00f1al\u00f3 que la gesti\u00f3n del proyecto est\u00e1 integrada mayoritariamente por j\u00f3venes de la localidad.<\/p>\n\n\n\n<p class=\"wp-block-paragraph\">Estas acciones forman parte de las pol\u00edticas impulsadas por el Gobierno Bolivariano, liderado por la presidenta Delcy Rodr\u00edguez, para transformar las capacidades locales en unidades autosustentables que impulsen el aparato productivo del pa\u00eds.<\/p>\n\n\n\n<p class=\"wp-block-paragraph\"><a href=\"https:\/\/www.instagram.com\/reel\/DckIt9Yp2Nr\/?utm_source=ig_embed&amp;ig_rid=AZoawKoAohIAS39C_q84d2Z\">https:\/\/www.instagram.com\/reel\/DckIt9Yp2Nr\/?utm_source=ig_embed&amp;ig_rid=AZoawKoAohIAS39C_q84d2Z<\/a><\/p>\n\n\n\n<p class=\"wp-block-paragraph\"><strong>Prensa: Ministerio del Poder Popular de Industrias y Comercio Nacional.<\/strong><\/p>\n","protected":false},"excerpt":{"rendered":"<p>El ministro del Poder Popular de Industrias y Comercio Nacional, Luis Antonio Villegas, realiz\u00f3 un recorrido por los espacios socioproductivos de la Comuna \u00abCarlos Ra\u00fal Villanueva\u00bb con el fin de supervisar la adecuaci\u00f3n de la infraestructura destinada a las distintas unidades de producci\u00f3n. \u200bDurante la visita, se inspeccionaron los avances en la instalaci\u00f3n de cavas cuarto para el almacenamiento, desposte y distribuci\u00f3n de prote\u00ednas c\u00e1rnicas, as\u00ed como las instalaciones orientadas a la cr\u00eda y procesamiento de tilapia. \u200bAsimismo, se evalu\u00f3 el acondicionamiento de las \u00e1reas asignadas para una panader\u00eda comunal y un abasto, y se constat\u00f3 el funcionamiento de la Sala de Autogobierno Popular. \u200bEl vocero Yefferson \u00c1lvarez se\u00f1al\u00f3 que la gesti\u00f3n del proyecto est\u00e1 integrada mayoritariamente por j\u00f3venes de la localidad. Estas acciones forman parte de las pol\u00edticas impulsadas por el Gobierno Bolivariano, liderado por la presidenta Delcy Rodr\u00edguez, para transformar las capacidades locales en unidades autosustentables que impulsen el aparato productivo del pa\u00eds. https:\/\/www.instagram.com\/reel\/DckIt9Yp2Nr\/?utm_source=ig_embed&amp;ig_rid=AZoawKoAohIAS39C_q84d2Z Prensa: Ministerio del Poder Popular de Industrias y Comercio Nacional.<\/p>\n","protected":false},"author":15,"featured_media":45779,"comment_status":"closed","ping_status":"closed","sticky":false,"template":"","format":"standard","meta":{"_monsterinsights_skip_tracking":false,"footnotes":""},"categories":[4],"tags":[],"class_list":["post-45778","post","type-post","status-publish","format-standard","has-post-thumbnail","hentry","category-noticias"],"_links":{"self":[{"href":"https:\/\/www.sundde.gob.ve\/index.php?rest_route=\/wp\/v2\/posts\/45778","targetHints":{"allow":["GET"]}}],"collection":[{"href":"https:\/\/www.sundde.gob.ve\/index.php?rest_route=\/wp\/v2\/posts"}],"about":[{"href":"https:\/\/www.sundde.gob.ve\/index.php?rest_route=\/wp\/v2\/types\/post"}],"author":[{"embeddable":true,"href":"https:\/\/www.sundde.gob.ve\/index.php?rest_route=\/wp\/v2\/users\/15"}],"replies":[{"embeddable":true,"href":"https:\/\/www.sundde.gob.ve\/index.php?rest_route=%2Fwp%2Fv2%2Fcomments&post=45778"}],"version-history":[{"count":3,"href":"https:\/\/www.sundde.gob.ve\/index.php?rest_route=\/wp\/v2\/posts\/45778\/revisions"}],"predecessor-version":[{"id":45785,"href":"https:\/\/www.sundde.gob.ve\/index.php?rest_route=\/wp\/v2\/posts\/45778\/revisions\/45785"}],"wp:featuredmedia":[{"embeddable":true,"href":"https:\/\/www.sundde.gob.ve\/index.php?rest_route=\/wp\/v2\/media\/45779"}],"wp:attachment":[{"href":"https:\/\/www.sundde.gob.ve\/index.php?rest_route=%2Fwp%2Fv2%2Fmedia&parent=45778"}],"wp:term":[{"taxonomy":"category","embeddable":true,"href":"https:\/\/www.sundde.gob.ve\/index.php?rest_route=%2Fwp%2Fv2%2Fcategories&post=45778"},{"taxonomy":"post_tag","embeddable":true,"href":"https:\/\/www.sundde.gob.ve\/index.php?rest_route=%2Fwp%2Fv2%2Ftags&post=45778"}],"curies":[{"name":"wp","href":"https:\/\/api.w.org\/{rel}","templated":true}]}}