{"id":45786,"date":"2026-08-31T14:25:10","date_gmt":"2026-08-31T14:25:10","guid":{"rendered":"https:\/\/www.sundde.gob.ve\/?p=45786"},"modified":"2026-08-31T14:25:23","modified_gmt":"2026-08-31T14:25:23","slug":"gobierno-y-sector-privado-garantizan-abastecimiento-porcino-para-diciembre","status":"publish","type":"post","link":"https:\/\/www.sundde.gob.ve\/?p=45786","title":{"rendered":"Gobierno y sector privado garantizan abastecimiento porcino para diciembre"},"content":{"rendered":"<div class=\"wp-block-image\">\n<figure class=\"aligncenter size-full\"><img fetchpriority=\"high\" decoding=\"async\" width=\"780\" height=\"470\" src=\"https:\/\/www.sundde.gob.ve\/wp-content\/uploads\/2026\/08\/IMG_4321-1.webp\" alt=\"\" class=\"wp-image-45788\" srcset=\"https:\/\/www.sundde.gob.ve\/wp-content\/uploads\/2026\/08\/IMG_4321-1.webp 780w, https:\/\/www.sundde.gob.ve\/wp-content\/uploads\/2026\/08\/IMG_4321-1-300x181.webp 300w, https:\/\/www.sundde.gob.ve\/wp-content\/uploads\/2026\/08\/IMG_4321-1-767x462.webp 767w\" sizes=\"(max-width: 780px) 100vw, 780px\" \/><\/figure>\n<\/div>\n\n\n<p class=\"wp-block-paragraph\">\u200bEl ministro del Poder Popular de Industrias y Comercio Nacional, Luis Antonio Villegas, sostuvo una mesa de trabajo con el sector agroindustrial y supermercados de la red ANSA.<\/p>\n\n\n\n<p class=\"wp-block-paragraph\">El objetivo de la reuni\u00f3n fue establecer acuerdos de distribuci\u00f3n de carne de cerdo para los \u00faltimos meses del a\u00f1o.<\/p>\n\n\n\n<p class=\"wp-block-paragraph\">\u200bDurante el encuentro, las partes definieron l\u00edneas de acci\u00f3n coordinadas para atender la demanda de prote\u00edna porcina durante el periodo decembrina.<\/p>\n\n\n\n<figure class=\"wp-block-video aligncenter\"><video height=\"480\" style=\"aspect-ratio: 852 \/ 480;\" width=\"852\" controls src=\"https:\/\/www.sundde.gob.ve\/wp-content\/uploads\/2026\/08\/VID_20260828_214628_678.mp4\"><\/video><\/figure>\n\n\n\n<p class=\"wp-block-paragraph\">\u200bEl presidente de la Productora de Cerdo (Procerdo), Eduardo Bianco, se\u00f1al\u00f3 que la producci\u00f3n nacional actual cuenta con la capacidad de abastecer la demanda interna e indic\u00f3 que el sector ha registrado un incremento sostenido desde el a\u00f1o 2021.<\/p>\n\n\n\n<p class=\"wp-block-paragraph\">\u200bPor su parte, el presidente de la Asociaci\u00f3n Venezolana de Frigor\u00edficos y Mataderos Industriales (Asofrigo), Gonzalo Azuaje, confirm\u00f3 la capacidad operativa del gremio para cumplir con el esquema de distribuci\u00f3n requerido.<\/p>\n\n\n\n<p class=\"wp-block-paragraph\">\u200bEl sector p\u00fablico y los representantes privados acordaron continuar con las mesas de trabajo para mantener la articulaci\u00f3n directa entre las partes y asegurar la llegada del rubro a los hogares en la pr\u00f3xima Navidad.<\/p>\n\n\n\n<p class=\"wp-block-paragraph\"><strong>Prensa: Ministerio del Poder Popular de Industrias y Comercio Nacional.<\/strong><\/p>\n\n\n\n<p class=\"wp-block-paragraph\"><\/p>\n","protected":false},"excerpt":{"rendered":"<p>\u200bEl ministro del Poder Popular de Industrias y Comercio Nacional, Luis Antonio Villegas, sostuvo una mesa de trabajo con el sector agroindustrial y supermercados de la red ANSA. El objetivo de la reuni\u00f3n fue establecer acuerdos de distribuci\u00f3n de carne de cerdo para los \u00faltimos meses del a\u00f1o. \u200bDurante el encuentro, las partes definieron l\u00edneas de acci\u00f3n coordinadas para atender la demanda de prote\u00edna porcina durante el periodo decembrina. \u200bEl presidente de la Productora de Cerdo (Procerdo), Eduardo Bianco, se\u00f1al\u00f3 que la producci\u00f3n nacional actual cuenta con la capacidad de abastecer la demanda interna e indic\u00f3 que el sector ha registrado un incremento sostenido desde el a\u00f1o 2021. \u200bPor su parte, el presidente de la Asociaci\u00f3n Venezolana de Frigor\u00edficos y Mataderos Industriales (Asofrigo), Gonzalo Azuaje, confirm\u00f3 la capacidad operativa del gremio para cumplir con el esquema de distribuci\u00f3n requerido. \u200bEl sector p\u00fablico y los representantes privados acordaron continuar con las mesas de trabajo para mantener la articulaci\u00f3n directa entre las partes y asegurar la llegada del rubro a los hogares en la pr\u00f3xima Navidad. Prensa: Ministerio del Poder Popular de Industrias y Comercio Nacional.<\/p>\n","protected":false},"author":15,"featured_media":45787,"comment_status":"closed","ping_status":"closed","sticky":false,"template":"","format":"standard","meta":{"_monsterinsights_skip_tracking":false,"footnotes":""},"categories":[4],"tags":[],"class_list":["post-45786","post","type-post","status-publish","format-standard","has-post-thumbnail","hentry","category-noticias"],"_links":{"self":[{"href":"https:\/\/www.sundde.gob.ve\/index.php?rest_route=\/wp\/v2\/posts\/45786","targetHints":{"allow":["GET"]}}],"collection":[{"href":"https:\/\/www.sundde.gob.ve\/index.php?rest_route=\/wp\/v2\/posts"}],"about":[{"href":"https:\/\/www.sundde.gob.ve\/index.php?rest_route=\/wp\/v2\/types\/post"}],"author":[{"embeddable":true,"href":"https:\/\/www.sundde.gob.ve\/index.php?rest_route=\/wp\/v2\/users\/15"}],"replies":[{"embeddable":true,"href":"https:\/\/www.sundde.gob.ve\/index.php?rest_route=%2Fwp%2Fv2%2Fcomments&post=45786"}],"version-history":[{"count":1,"href":"https:\/\/www.sundde.gob.ve\/index.php?rest_route=\/wp\/v2\/posts\/45786\/revisions"}],"predecessor-version":[{"id":45790,"href":"https:\/\/www.sundde.gob.ve\/index.php?rest_route=\/wp\/v2\/posts\/45786\/revisions\/45790"}],"wp:featuredmedia":[{"embeddable":true,"href":"https:\/\/www.sundde.gob.ve\/index.php?rest_route=\/wp\/v2\/media\/45787"}],"wp:attachment":[{"href":"https:\/\/www.sundde.gob.ve\/index.php?rest_route=%2Fwp%2Fv2%2Fmedia&parent=45786"}],"wp:term":[{"taxonomy":"category","embeddable":true,"href":"https:\/\/www.sundde.gob.ve\/index.php?rest_route=%2Fwp%2Fv2%2Fcategories&post=45786"},{"taxonomy":"post_tag","embeddable":true,"href":"https:\/\/www.sundde.gob.ve\/index.php?rest_route=%2Fwp%2Fv2%2Ftags&post=45786"}],"curies":[{"name":"wp","href":"https:\/\/api.w.org\/{rel}","templated":true}]}}