{"id":45802,"date":"2026-08-31T14:59:36","date_gmt":"2026-08-31T14:59:36","guid":{"rendered":"https:\/\/www.sundde.gob.ve\/?p=45802"},"modified":"2026-08-31T16:21:01","modified_gmt":"2026-08-31T16:21:01","slug":"plan-bodega-dinamiza-la-economia-local-en-barinas","status":"publish","type":"post","link":"https:\/\/www.sundde.gob.ve\/?p=45802","title":{"rendered":"Plan Bodega dinamiza la econom\u00eda local en Barinas"},"content":{"rendered":"<div class=\"wp-block-image\">\n<figure class=\"aligncenter size-full\"><img fetchpriority=\"high\" decoding=\"async\" width=\"780\" height=\"470\" src=\"https:\/\/www.sundde.gob.ve\/wp-content\/uploads\/2026\/08\/1001643290.jpg\" alt=\"\" class=\"wp-image-45803\" srcset=\"https:\/\/www.sundde.gob.ve\/wp-content\/uploads\/2026\/08\/1001643290.jpg 780w, https:\/\/www.sundde.gob.ve\/wp-content\/uploads\/2026\/08\/1001643290-300x181.jpg 300w, https:\/\/www.sundde.gob.ve\/wp-content\/uploads\/2026\/08\/1001643290-767x462.jpg 767w\" sizes=\"(max-width: 780px) 100vw, 780px\" \/><\/figure>\n<\/div>\n\n\n<p class=\"wp-block-paragraph\">En una jornada de trabajo conjunta entre el Ministerio del Poder Popular de Industrias y Comercio Nacional y la Gobernaci\u00f3n de Barinas, un equipo multidisciplinario se despleg\u00f3 en el estado para dinamizar la econom\u00eda regional, fortalecer el aparato productivo y asegurar la atenci\u00f3n directa a las comunidades.<\/p>\n\n\n\n<p class=\"wp-block-paragraph\">La jornada de despliegue permiti\u00f3 revisar avance integral del Plan Bodega, una iniciativa estrat\u00e9gica dise\u00f1ada para impactar positivamente la econom\u00eda comunal.<\/p>\n\n\n\n<p class=\"wp-block-paragraph\">A la par del fortalecimiento bodeguero, las autoridades inspeccionaron la Expoferia Plan Escolar 2026 ubicada en la Plaza del Estudiante del municipio Barinas el cual ofrece art\u00edculos a precios asequibles y \u00fatiles escolares hasta con el 30% de descuento.<\/p>\n\n\n\n<p class=\"wp-block-paragraph\">\u200bFinalmente, la comisi\u00f3n institucional realiz\u00f3 un abordaje t\u00e9cnico en el Complejo Agroindustrial Santa In\u00e9s para evaluar la operatividad y reactivaci\u00f3n de empresas clave para el desarrollo territorial.<\/p>\n\n\n\n<p class=\"wp-block-paragraph\">\u200bCon estas acciones, el Gobierno Bolivariano ratifica su compromiso con la reactivaci\u00f3n de la industria y la consolidaci\u00f3n de un modelo econ\u00f3mico sustentable al servicio del pueblo. <strong><a href=\"https:\/\/www.sundde.gob.ve\/?p=45810\">Ver galer\u00eda<\/a><\/strong>. <\/p>\n\n\n\n<figure class=\"wp-block-gallery has-nested-images columns-default is-cropped wp-block-gallery-1 is-layout-flex wp-block-gallery-is-layout-flex\">\n<figure class=\"wp-block-image size-large\"><img decoding=\"async\" width=\"682\" height=\"1024\" data-id=\"45804\" src=\"https:\/\/www.sundde.gob.ve\/wp-content\/uploads\/2026\/08\/1001643295-682x1024.jpg\" alt=\"\" class=\"wp-image-45804\" srcset=\"https:\/\/www.sundde.gob.ve\/wp-content\/uploads\/2026\/08\/1001643295-682x1024.jpg 682w, https:\/\/www.sundde.gob.ve\/wp-content\/uploads\/2026\/08\/1001643295-200x300.jpg 200w, https:\/\/www.sundde.gob.ve\/wp-content\/uploads\/2026\/08\/1001643295-768x1152.jpg 768w, https:\/\/www.sundde.gob.ve\/wp-content\/uploads\/2026\/08\/1001643295.jpg 853w\" sizes=\"(max-width: 682px) 100vw, 682px\" \/><\/figure>\n\n\n\n<figure class=\"wp-block-image size-large\"><img decoding=\"async\" width=\"682\" height=\"1024\" data-id=\"45805\" src=\"https:\/\/www.sundde.gob.ve\/wp-content\/uploads\/2026\/08\/1001643294-682x1024.jpg\" alt=\"\" class=\"wp-image-45805\" srcset=\"https:\/\/www.sundde.gob.ve\/wp-content\/uploads\/2026\/08\/1001643294-682x1024.jpg 682w, https:\/\/www.sundde.gob.ve\/wp-content\/uploads\/2026\/08\/1001643294-200x300.jpg 200w, https:\/\/www.sundde.gob.ve\/wp-content\/uploads\/2026\/08\/1001643294-768x1152.jpg 768w, https:\/\/www.sundde.gob.ve\/wp-content\/uploads\/2026\/08\/1001643294.jpg 853w\" sizes=\"(max-width: 682px) 100vw, 682px\" \/><\/figure>\n\n\n\n<figure class=\"wp-block-image size-large\"><img loading=\"lazy\" decoding=\"async\" width=\"682\" height=\"1024\" data-id=\"45807\" src=\"https:\/\/www.sundde.gob.ve\/wp-content\/uploads\/2026\/08\/1001643293-682x1024.jpg\" alt=\"\" class=\"wp-image-45807\" srcset=\"https:\/\/www.sundde.gob.ve\/wp-content\/uploads\/2026\/08\/1001643293-682x1024.jpg 682w, https:\/\/www.sundde.gob.ve\/wp-content\/uploads\/2026\/08\/1001643293-200x300.jpg 200w, https:\/\/www.sundde.gob.ve\/wp-content\/uploads\/2026\/08\/1001643293-768x1152.jpg 768w, https:\/\/www.sundde.gob.ve\/wp-content\/uploads\/2026\/08\/1001643293.jpg 853w\" sizes=\"(max-width: 682px) 100vw, 682px\" \/><\/figure>\n\n\n\n<figure class=\"wp-block-image size-large\"><img loading=\"lazy\" decoding=\"async\" width=\"682\" height=\"1024\" data-id=\"45808\" src=\"https:\/\/www.sundde.gob.ve\/wp-content\/uploads\/2026\/08\/1001643292-682x1024.jpg\" alt=\"\" class=\"wp-image-45808\" srcset=\"https:\/\/www.sundde.gob.ve\/wp-content\/uploads\/2026\/08\/1001643292-682x1024.jpg 682w, https:\/\/www.sundde.gob.ve\/wp-content\/uploads\/2026\/08\/1001643292-200x300.jpg 200w, https:\/\/www.sundde.gob.ve\/wp-content\/uploads\/2026\/08\/1001643292-768x1152.jpg 768w, https:\/\/www.sundde.gob.ve\/wp-content\/uploads\/2026\/08\/1001643292.jpg 853w\" sizes=\"(max-width: 682px) 100vw, 682px\" \/><\/figure>\n\n\n\n<figure class=\"wp-block-image size-large\"><img loading=\"lazy\" decoding=\"async\" width=\"682\" height=\"1024\" data-id=\"45806\" src=\"https:\/\/www.sundde.gob.ve\/wp-content\/uploads\/2026\/08\/1001643291-682x1024.jpg\" alt=\"\" class=\"wp-image-45806\" srcset=\"https:\/\/www.sundde.gob.ve\/wp-content\/uploads\/2026\/08\/1001643291-682x1024.jpg 682w, https:\/\/www.sundde.gob.ve\/wp-content\/uploads\/2026\/08\/1001643291-200x300.jpg 200w, https:\/\/www.sundde.gob.ve\/wp-content\/uploads\/2026\/08\/1001643291-768x1152.jpg 768w, https:\/\/www.sundde.gob.ve\/wp-content\/uploads\/2026\/08\/1001643291.jpg 853w\" sizes=\"(max-width: 682px) 100vw, 682px\" \/><\/figure>\n<\/figure>\n\n\n\n<figure class=\"wp-block-video\"><video height=\"480\" style=\"aspect-ratio: 852 \/ 480;\" width=\"852\" controls src=\"https:\/\/www.sundde.gob.ve\/wp-content\/uploads\/2026\/08\/VID_20260828_223224_829.mp4\"><\/video><\/figure>\n\n\n\n<p class=\"wp-block-paragraph\"><strong>Prensa: Ministerio del Poder Popular de Industrias y Comercio Nacional.<\/strong> <\/p>\n","protected":false},"excerpt":{"rendered":"<p>En una jornada de trabajo conjunta entre el Ministerio del Poder Popular de Industrias y Comercio Nacional y la Gobernaci\u00f3n de Barinas, un equipo multidisciplinario se despleg\u00f3 en el estado para dinamizar la econom\u00eda regional, fortalecer el aparato productivo y asegurar la atenci\u00f3n directa a las comunidades. La jornada de despliegue permiti\u00f3 revisar avance integral del Plan Bodega, una iniciativa estrat\u00e9gica dise\u00f1ada para impactar positivamente la econom\u00eda comunal. A la par del fortalecimiento bodeguero, las autoridades inspeccionaron la Expoferia Plan Escolar 2026 ubicada en la Plaza del Estudiante del municipio Barinas el cual ofrece art\u00edculos a precios asequibles y \u00fatiles escolares hasta con el 30% de descuento. \u200bFinalmente, la comisi\u00f3n institucional realiz\u00f3 un abordaje t\u00e9cnico en el Complejo Agroindustrial Santa In\u00e9s para evaluar la operatividad y reactivaci\u00f3n de empresas clave para el desarrollo territorial. \u200bCon estas acciones, el Gobierno Bolivariano ratifica su compromiso con la reactivaci\u00f3n de la industria y la consolidaci\u00f3n de un modelo econ\u00f3mico sustentable al servicio del pueblo. Ver galer\u00eda. Prensa: Ministerio del Poder Popular de Industrias y Comercio Nacional.<\/p>\n","protected":false},"author":5,"featured_media":45803,"comment_status":"closed","ping_status":"closed","sticky":false,"template":"","format":"standard","meta":{"_monsterinsights_skip_tracking":false,"footnotes":""},"categories":[4],"tags":[],"class_list":["post-45802","post","type-post","status-publish","format-standard","has-post-thumbnail","hentry","category-noticias"],"_links":{"self":[{"href":"https:\/\/www.sundde.gob.ve\/index.php?rest_route=\/wp\/v2\/posts\/45802","targetHints":{"allow":["GET"]}}],"collection":[{"href":"https:\/\/www.sundde.gob.ve\/index.php?rest_route=\/wp\/v2\/posts"}],"about":[{"href":"https:\/\/www.sundde.gob.ve\/index.php?rest_route=\/wp\/v2\/types\/post"}],"author":[{"embeddable":true,"href":"https:\/\/www.sundde.gob.ve\/index.php?rest_route=\/wp\/v2\/users\/5"}],"replies":[{"embeddable":true,"href":"https:\/\/www.sundde.gob.ve\/index.php?rest_route=%2Fwp%2Fv2%2Fcomments&post=45802"}],"version-history":[{"count":10,"href":"https:\/\/www.sundde.gob.ve\/index.php?rest_route=\/wp\/v2\/posts\/45802\/revisions"}],"predecessor-version":[{"id":45846,"href":"https:\/\/www.sundde.gob.ve\/index.php?rest_route=\/wp\/v2\/posts\/45802\/revisions\/45846"}],"wp:featuredmedia":[{"embeddable":true,"href":"https:\/\/www.sundde.gob.ve\/index.php?rest_route=\/wp\/v2\/media\/45803"}],"wp:attachment":[{"href":"https:\/\/www.sundde.gob.ve\/index.php?rest_route=%2Fwp%2Fv2%2Fmedia&parent=45802"}],"wp:term":[{"taxonomy":"category","embeddable":true,"href":"https:\/\/www.sundde.gob.ve\/index.php?rest_route=%2Fwp%2Fv2%2Fcategories&post=45802"},{"taxonomy":"post_tag","embeddable":true,"href":"https:\/\/www.sundde.gob.ve\/index.php?rest_route=%2Fwp%2Fv2%2Ftags&post=45802"}],"curies":[{"name":"wp","href":"https:\/\/api.w.org\/{rel}","templated":true}]}}