{"id":45878,"date":"2026-09-02T15:34:17","date_gmt":"2026-09-02T15:34:17","guid":{"rendered":"https:\/\/www.sundde.gob.ve\/?p=45878"},"modified":"2026-09-02T15:34:18","modified_gmt":"2026-09-02T15:34:18","slug":"comuna-gual-y-espana-impulsa-reactivacion-de-la-economia","status":"publish","type":"post","link":"https:\/\/www.sundde.gob.ve\/?p=45878","title":{"rendered":"Comuna Gual y Espa\u00f1a impulsa reactivaci\u00f3n de la econom\u00eda"},"content":{"rendered":"<div class=\"wp-block-image\">\n<figure class=\"aligncenter size-full\"><img fetchpriority=\"high\" decoding=\"async\" width=\"780\" height=\"470\" src=\"https:\/\/www.sundde.gob.ve\/wp-content\/uploads\/2026\/09\/IMG_4397.webp\" alt=\"\" class=\"wp-image-45879\" srcset=\"https:\/\/www.sundde.gob.ve\/wp-content\/uploads\/2026\/09\/IMG_4397.webp 780w, https:\/\/www.sundde.gob.ve\/wp-content\/uploads\/2026\/09\/IMG_4397-300x181.webp 300w, https:\/\/www.sundde.gob.ve\/wp-content\/uploads\/2026\/09\/IMG_4397-767x462.webp 767w\" sizes=\"(max-width: 780px) 100vw, 780px\" \/><\/figure>\n<\/div>\n\n\n<p class=\"wp-block-paragraph\">El ministro del Poder Popular de Industrias y Comercio Nacional, Luis Antonio Villegas, visit\u00f3 los espacios de la&nbsp;Comuna Gual y Espa\u00f1a, para constatar sus estructuras socioproductivas como parte del proceso de reactivaci\u00f3n y renacimiento impulsado por la presidenta Delcy Rodr\u00edguez, en el marco del Plan Venezuela Renace.<\/p>\n\n\n\n<p class=\"wp-block-paragraph\">Esta comuna conformada por 2.800 familias y 11 consejos comunales que agrupan a unas 18.000 personas, se erige como un eje fundamental para atender las necesidades de su poblaci\u00f3n y proyectarse hacia los denominados Pueblos Caribe.<\/p>\n\n\n\n<p class=\"wp-block-paragraph\">El vocero Cleiver Chourio destac\u00f3 que la visita permite \u00abdar a conocer y presentar todas las estructuras socioproductiva&nbsp; de la comuna, en la que el trabajo va a un proceso de reactivacion y de renacimiento juntos&nbsp; alas pol\u00edticas de nuestra presidenta Delcy Rodr\u00edguez\u00bb<\/p>\n\n\n\n<p class=\"wp-block-paragraph\">Por su parte, el comunero Pedro Guti\u00e9rrez se\u00f1al\u00f3 que \u00abpese al impacto de las sanciones y bloqueos internacionales, los productores de la comuna han desarrollado mecanismos de esfuerzo conjunto que nos permiten sostener la producci\u00f3n en diversos rubros, incluyendo el textil, para aportar a la producci\u00f3n nacional\u00bb.<\/p>\n\n\n\n<p class=\"wp-block-paragraph\">La organizaci\u00f3n y la unidad han sido pilares clave para superar las dificultades y avanzar en la consolidaci\u00f3n de un modelo que prioriza la autosustentabilidad y el fortalecimiento del tejido productivo local, reflejo del compromiso del Poder Popular con la nueva etapa de transformaci\u00f3n econ\u00f3mica del pa\u00eds.<\/p>\n\n\n\n<figure class=\"wp-block-video\"><video height=\"592\" style=\"aspect-ratio: 1024 \/ 592;\" width=\"1024\" controls src=\"https:\/\/www.sundde.gob.ve\/wp-content\/uploads\/2026\/09\/video_2026-09-01_19-43-36.mp4\"><\/video><\/figure>\n\n\n\n<p class=\"wp-block-paragraph\"><strong>Prensa: Ministerio del Poder Popular de Industrias y Comercio Nacional.<\/strong><\/p>\n\n\n\n<p class=\"wp-block-paragraph\"><\/p>\n","protected":false},"excerpt":{"rendered":"<p>El ministro del Poder Popular de Industrias y Comercio Nacional, Luis Antonio Villegas, visit\u00f3 los espacios de la&nbsp;Comuna Gual y Espa\u00f1a, para constatar sus estructuras socioproductivas como parte del proceso de reactivaci\u00f3n y renacimiento impulsado por la presidenta Delcy Rodr\u00edguez, en el marco del Plan Venezuela Renace. Esta comuna conformada por 2.800 familias y 11 consejos comunales que agrupan a unas 18.000 personas, se erige como un eje fundamental para atender las necesidades de su poblaci\u00f3n y proyectarse hacia los denominados Pueblos Caribe. El vocero Cleiver Chourio destac\u00f3 que la visita permite \u00abdar a conocer y presentar todas las estructuras socioproductiva&nbsp; de la comuna, en la que el trabajo va a un proceso de reactivacion y de renacimiento juntos&nbsp; alas pol\u00edticas de nuestra presidenta Delcy Rodr\u00edguez\u00bb Por su parte, el comunero Pedro Guti\u00e9rrez se\u00f1al\u00f3 que \u00abpese al impacto de las sanciones y bloqueos internacionales, los productores de la comuna han desarrollado mecanismos de esfuerzo conjunto que nos permiten sostener la producci\u00f3n en diversos rubros, incluyendo el textil, para aportar a la producci\u00f3n nacional\u00bb. La organizaci\u00f3n y la unidad han sido pilares clave para superar las dificultades y avanzar en la consolidaci\u00f3n de un modelo que prioriza la autosustentabilidad y el fortalecimiento del tejido productivo local, reflejo del compromiso del Poder Popular con la nueva etapa de transformaci\u00f3n econ\u00f3mica del pa\u00eds. Prensa: Ministerio del Poder Popular de Industrias y Comercio Nacional.<\/p>\n","protected":false},"author":14,"featured_media":45879,"comment_status":"closed","ping_status":"closed","sticky":false,"template":"","format":"standard","meta":{"_monsterinsights_skip_tracking":false,"footnotes":""},"categories":[4],"tags":[],"class_list":["post-45878","post","type-post","status-publish","format-standard","has-post-thumbnail","hentry","category-noticias"],"_links":{"self":[{"href":"https:\/\/www.sundde.gob.ve\/index.php?rest_route=\/wp\/v2\/posts\/45878","targetHints":{"allow":["GET"]}}],"collection":[{"href":"https:\/\/www.sundde.gob.ve\/index.php?rest_route=\/wp\/v2\/posts"}],"about":[{"href":"https:\/\/www.sundde.gob.ve\/index.php?rest_route=\/wp\/v2\/types\/post"}],"author":[{"embeddable":true,"href":"https:\/\/www.sundde.gob.ve\/index.php?rest_route=\/wp\/v2\/users\/14"}],"replies":[{"embeddable":true,"href":"https:\/\/www.sundde.gob.ve\/index.php?rest_route=%2Fwp%2Fv2%2Fcomments&post=45878"}],"version-history":[{"count":1,"href":"https:\/\/www.sundde.gob.ve\/index.php?rest_route=\/wp\/v2\/posts\/45878\/revisions"}],"predecessor-version":[{"id":45881,"href":"https:\/\/www.sundde.gob.ve\/index.php?rest_route=\/wp\/v2\/posts\/45878\/revisions\/45881"}],"wp:featuredmedia":[{"embeddable":true,"href":"https:\/\/www.sundde.gob.ve\/index.php?rest_route=\/wp\/v2\/media\/45879"}],"wp:attachment":[{"href":"https:\/\/www.sundde.gob.ve\/index.php?rest_route=%2Fwp%2Fv2%2Fmedia&parent=45878"}],"wp:term":[{"taxonomy":"category","embeddable":true,"href":"https:\/\/www.sundde.gob.ve\/index.php?rest_route=%2Fwp%2Fv2%2Fcategories&post=45878"},{"taxonomy":"post_tag","embeddable":true,"href":"https:\/\/www.sundde.gob.ve\/index.php?rest_route=%2Fwp%2Fv2%2Ftags&post=45878"}],"curies":[{"name":"wp","href":"https:\/\/api.w.org\/{rel}","templated":true}]}}