{"id":45916,"date":"2026-09-04T17:08:22","date_gmt":"2026-09-04T17:08:22","guid":{"rendered":"https:\/\/www.sundde.gob.ve\/?p=45916"},"modified":"2026-09-04T18:53:08","modified_gmt":"2026-09-04T18:53:08","slug":"comuna-el-sueno-de-hugo-chavez-fortalece-su-gestion-con-taller-de-trabajo-en-equipo","status":"publish","type":"post","link":"https:\/\/www.sundde.gob.ve\/?p=45916","title":{"rendered":"Comuna \u201cEl sue\u00f1o de Hugo Ch\u00e1vez\u201d fortalece su gesti\u00f3n con taller de trabajo en equipo"},"content":{"rendered":"<div class=\"wp-block-image\">\n<figure class=\"aligncenter size-large\"><img fetchpriority=\"high\" decoding=\"async\" width=\"1024\" height=\"763\" src=\"https:\/\/www.sundde.gob.ve\/wp-content\/uploads\/2026\/09\/photo_4960907451788103727_y-1024x763.jpg\" alt=\"\" class=\"wp-image-45917\" srcset=\"https:\/\/www.sundde.gob.ve\/wp-content\/uploads\/2026\/09\/photo_4960907451788103727_y-1024x763.jpg 1024w, https:\/\/www.sundde.gob.ve\/wp-content\/uploads\/2026\/09\/photo_4960907451788103727_y-300x224.jpg 300w, https:\/\/www.sundde.gob.ve\/wp-content\/uploads\/2026\/09\/photo_4960907451788103727_y-768x572.jpg 768w, https:\/\/www.sundde.gob.ve\/wp-content\/uploads\/2026\/09\/photo_4960907451788103727_y-1140x850.jpg 1140w, https:\/\/www.sundde.gob.ve\/wp-content\/uploads\/2026\/09\/photo_4960907451788103727_y.jpg 1280w\" sizes=\"(max-width: 1024px) 100vw, 1024px\" \/><\/figure>\n<\/div>\n\n\n<p class=\"wp-block-paragraph\">Con el prop\u00f3sito de potenciar la gesti\u00f3n del Estado Comunal y afianzar la formaci\u00f3n continua de las bases comunitarias, la Superintendencia Nacional para la Defensa de los Derechos Socioecon\u00f3micos (SUNDDE), a trav\u00e9s de la Intendencia de Protecci\u00f3n del Salario del Obrero y la Obrera, realiz\u00f3 el conversatorio \u201cTrabajo en Equipo\u201d desde la sede de la Comuna \u201cEl sue\u00f1o de Hugo Ch\u00e1vez\u201d, ubicada en la parroquia San Juan de Caracas.<\/p>\n\n\n\n<p class=\"wp-block-paragraph\">La jornada formativa estuvo a cargo del profesor Fernando Cort\u00e9s y el promotor Maiguel Y\u00e1\u00f1ez, quienes propiciaron un espacio de intercambio y debate con la asistencia de 92 voceros del Poder Popular. Asimismo, el encuentro cont\u00f3 con la participaci\u00f3n activa de representantes del SEMA, GDC, Fundacomunal, el Concejo Municipal, el CLPP, el CFG y el Movimiento Somos Venezuela, demostrando la unidad y el trabajo interinstitucional en el territorio.<\/p>\n\n\n\n<p class=\"wp-block-paragraph\">Durante la sesi\u00f3n de trabajo se profundizaron metodolog\u00edas clave para la cohesi\u00f3n social y organizativa, destacando la aplicaci\u00f3n de las \u00ab5C\u00bb (Comunicaci\u00f3n, Coordinaci\u00f3n, Complementariedad, Confianza y Compromiso) y el esquema de las \u00ab4E\u00bb (Ense\u00f1ar, Educar, Equipar y Entrenar). Estas herramientas estrat\u00e9gicas buscan potenciar la sinergia organizacional para optimizar la toma de decisiones y la capacidad de respuesta en las comunidades.<\/p>\n\n\n\n<p class=\"wp-block-paragraph\">Con estas acciones, el Gobierno Nacional, contin\u00faa impulsando la capacitaci\u00f3n de su fuerza trabajadora y del Poder Popular, garantizando un accionar articulado y eficiente en la protecci\u00f3n y resguardo de los derechos socioecon\u00f3micos del pueblo venezolano. <strong><a href=\"https:\/\/www.sundde.gob.ve\/?p=45925\" data-type=\"link\" data-id=\"https:\/\/www.sundde.gob.ve\/?p=45925\">VER GALER\u00cdA<\/a><\/strong><\/p>\n\n\n\n<figure class=\"wp-block-gallery has-nested-images columns-default is-cropped wp-block-gallery-1 is-layout-flex wp-block-gallery-is-layout-flex\">\n<figure class=\"wp-block-image size-large\"><img decoding=\"async\" width=\"1024\" height=\"576\" data-id=\"45922\" src=\"https:\/\/www.sundde.gob.ve\/wp-content\/uploads\/2026\/09\/IMG_4177-1024x576.jpg\" alt=\"\" class=\"wp-image-45922\" srcset=\"https:\/\/www.sundde.gob.ve\/wp-content\/uploads\/2026\/09\/IMG_4177-1024x576.jpg 1024w, https:\/\/www.sundde.gob.ve\/wp-content\/uploads\/2026\/09\/IMG_4177-300x169.jpg 300w, https:\/\/www.sundde.gob.ve\/wp-content\/uploads\/2026\/09\/IMG_4177-768x432.jpg 768w, https:\/\/www.sundde.gob.ve\/wp-content\/uploads\/2026\/09\/IMG_4177-1536x864.jpg 1536w, https:\/\/www.sundde.gob.ve\/wp-content\/uploads\/2026\/09\/IMG_4177-2048x1152.jpg 2048w, https:\/\/www.sundde.gob.ve\/wp-content\/uploads\/2026\/09\/IMG_4177-1140x641.jpg 1140w\" sizes=\"(max-width: 1024px) 100vw, 1024px\" \/><\/figure>\n\n\n\n<figure class=\"wp-block-image size-large\"><img decoding=\"async\" width=\"1024\" height=\"576\" data-id=\"45921\" src=\"https:\/\/www.sundde.gob.ve\/wp-content\/uploads\/2026\/09\/IMG_4186-1024x576.jpg\" alt=\"\" class=\"wp-image-45921\" srcset=\"https:\/\/www.sundde.gob.ve\/wp-content\/uploads\/2026\/09\/IMG_4186-1024x576.jpg 1024w, https:\/\/www.sundde.gob.ve\/wp-content\/uploads\/2026\/09\/IMG_4186-300x169.jpg 300w, https:\/\/www.sundde.gob.ve\/wp-content\/uploads\/2026\/09\/IMG_4186-768x432.jpg 768w, https:\/\/www.sundde.gob.ve\/wp-content\/uploads\/2026\/09\/IMG_4186-1536x864.jpg 1536w, https:\/\/www.sundde.gob.ve\/wp-content\/uploads\/2026\/09\/IMG_4186-2048x1152.jpg 2048w, https:\/\/www.sundde.gob.ve\/wp-content\/uploads\/2026\/09\/IMG_4186-1140x641.jpg 1140w\" sizes=\"(max-width: 1024px) 100vw, 1024px\" \/><\/figure>\n\n\n\n<figure class=\"wp-block-image size-large\"><img loading=\"lazy\" decoding=\"async\" width=\"576\" height=\"1024\" data-id=\"45923\" src=\"https:\/\/www.sundde.gob.ve\/wp-content\/uploads\/2026\/09\/IMG_4298-576x1024.jpg\" alt=\"\" class=\"wp-image-45923\" srcset=\"https:\/\/www.sundde.gob.ve\/wp-content\/uploads\/2026\/09\/IMG_4298-576x1024.jpg 576w, https:\/\/www.sundde.gob.ve\/wp-content\/uploads\/2026\/09\/IMG_4298-169x300.jpg 169w, https:\/\/www.sundde.gob.ve\/wp-content\/uploads\/2026\/09\/IMG_4298-768x1365.jpg 768w, https:\/\/www.sundde.gob.ve\/wp-content\/uploads\/2026\/09\/IMG_4298-864x1536.jpg 864w, https:\/\/www.sundde.gob.ve\/wp-content\/uploads\/2026\/09\/IMG_4298-1152x2048.jpg 1152w, https:\/\/www.sundde.gob.ve\/wp-content\/uploads\/2026\/09\/IMG_4298-1140x2027.jpg 1140w, https:\/\/www.sundde.gob.ve\/wp-content\/uploads\/2026\/09\/IMG_4298-scaled.jpg 1440w\" sizes=\"(max-width: 576px) 100vw, 576px\" \/><\/figure>\n\n\n\n<figure class=\"wp-block-image size-large\"><img loading=\"lazy\" decoding=\"async\" width=\"1024\" height=\"763\" data-id=\"45919\" src=\"https:\/\/www.sundde.gob.ve\/wp-content\/uploads\/2026\/09\/photo_4960907451788103727_y-1-1024x763.jpg\" alt=\"\" class=\"wp-image-45919\" srcset=\"https:\/\/www.sundde.gob.ve\/wp-content\/uploads\/2026\/09\/photo_4960907451788103727_y-1-1024x763.jpg 1024w, https:\/\/www.sundde.gob.ve\/wp-content\/uploads\/2026\/09\/photo_4960907451788103727_y-1-300x224.jpg 300w, https:\/\/www.sundde.gob.ve\/wp-content\/uploads\/2026\/09\/photo_4960907451788103727_y-1-768x572.jpg 768w, https:\/\/www.sundde.gob.ve\/wp-content\/uploads\/2026\/09\/photo_4960907451788103727_y-1-1140x850.jpg 1140w, https:\/\/www.sundde.gob.ve\/wp-content\/uploads\/2026\/09\/photo_4960907451788103727_y-1.jpg 1280w\" sizes=\"(max-width: 1024px) 100vw, 1024px\" \/><\/figure>\n\n\n\n<figure class=\"wp-block-image size-large\"><img loading=\"lazy\" decoding=\"async\" width=\"770\" height=\"1024\" data-id=\"45920\" src=\"https:\/\/www.sundde.gob.ve\/wp-content\/uploads\/2026\/09\/photo_4960907451788103728_y-770x1024.jpg\" alt=\"\" class=\"wp-image-45920\" srcset=\"https:\/\/www.sundde.gob.ve\/wp-content\/uploads\/2026\/09\/photo_4960907451788103728_y-770x1024.jpg 770w, https:\/\/www.sundde.gob.ve\/wp-content\/uploads\/2026\/09\/photo_4960907451788103728_y-226x300.jpg 226w, https:\/\/www.sundde.gob.ve\/wp-content\/uploads\/2026\/09\/photo_4960907451788103728_y-768x1021.jpg 768w, https:\/\/www.sundde.gob.ve\/wp-content\/uploads\/2026\/09\/photo_4960907451788103728_y.jpg 963w\" sizes=\"(max-width: 770px) 100vw, 770px\" \/><\/figure>\n\n\n\n<figure class=\"wp-block-image size-large\"><img loading=\"lazy\" decoding=\"async\" width=\"1024\" height=\"765\" data-id=\"45918\" src=\"https:\/\/www.sundde.gob.ve\/wp-content\/uploads\/2026\/09\/photo_4960907451788103729_y-1024x765.jpg\" alt=\"\" class=\"wp-image-45918\" srcset=\"https:\/\/www.sundde.gob.ve\/wp-content\/uploads\/2026\/09\/photo_4960907451788103729_y-1024x765.jpg 1024w, https:\/\/www.sundde.gob.ve\/wp-content\/uploads\/2026\/09\/photo_4960907451788103729_y-300x224.jpg 300w, https:\/\/www.sundde.gob.ve\/wp-content\/uploads\/2026\/09\/photo_4960907451788103729_y-768x574.jpg 768w, https:\/\/www.sundde.gob.ve\/wp-content\/uploads\/2026\/09\/photo_4960907451788103729_y-1140x851.jpg 1140w, https:\/\/www.sundde.gob.ve\/wp-content\/uploads\/2026\/09\/photo_4960907451788103729_y.jpg 1280w\" sizes=\"(max-width: 1024px) 100vw, 1024px\" \/><\/figure>\n<\/figure>\n\n\n\n<p class=\"wp-block-paragraph\"><strong>Prensa: SUNDDE \/ A<\/strong><\/p>\n","protected":false},"excerpt":{"rendered":"<p>Con el prop\u00f3sito de potenciar la gesti\u00f3n del Estado Comunal y afianzar la formaci\u00f3n continua de las bases comunitarias, la Superintendencia Nacional para la Defensa de los Derechos Socioecon\u00f3micos (SUNDDE), a trav\u00e9s de la Intendencia de Protecci\u00f3n del Salario del Obrero y la Obrera, realiz\u00f3 el conversatorio \u201cTrabajo en Equipo\u201d desde la sede de la Comuna \u201cEl sue\u00f1o de Hugo Ch\u00e1vez\u201d, ubicada en la parroquia San Juan de Caracas. La jornada formativa estuvo a cargo del profesor Fernando Cort\u00e9s y el promotor Maiguel Y\u00e1\u00f1ez, quienes propiciaron un espacio de intercambio y debate con la asistencia de 92 voceros del Poder Popular. Asimismo, el encuentro cont\u00f3 con la participaci\u00f3n activa de representantes del SEMA, GDC, Fundacomunal, el Concejo Municipal, el CLPP, el CFG y el Movimiento Somos Venezuela, demostrando la unidad y el trabajo interinstitucional en el territorio. Durante la sesi\u00f3n de trabajo se profundizaron metodolog\u00edas clave para la cohesi\u00f3n social y organizativa, destacando la aplicaci\u00f3n de las \u00ab5C\u00bb (Comunicaci\u00f3n, Coordinaci\u00f3n, Complementariedad, Confianza y Compromiso) y el esquema de las \u00ab4E\u00bb (Ense\u00f1ar, Educar, Equipar y Entrenar). Estas herramientas estrat\u00e9gicas buscan potenciar la sinergia organizacional para optimizar la toma de decisiones y la capacidad de respuesta en las comunidades. Con estas acciones, el Gobierno Nacional, contin\u00faa impulsando la capacitaci\u00f3n de su fuerza trabajadora y del Poder Popular, garantizando un accionar articulado y eficiente en la protecci\u00f3n y resguardo de los derechos socioecon\u00f3micos del pueblo venezolano. VER GALER\u00cdA Prensa: SUNDDE \/ A<\/p>\n","protected":false},"author":15,"featured_media":45917,"comment_status":"closed","ping_status":"closed","sticky":false,"template":"","format":"standard","meta":{"_monsterinsights_skip_tracking":false,"footnotes":""},"categories":[4],"tags":[],"class_list":["post-45916","post","type-post","status-publish","format-standard","has-post-thumbnail","hentry","category-noticias"],"_links":{"self":[{"href":"https:\/\/www.sundde.gob.ve\/index.php?rest_route=\/wp\/v2\/posts\/45916","targetHints":{"allow":["GET"]}}],"collection":[{"href":"https:\/\/www.sundde.gob.ve\/index.php?rest_route=\/wp\/v2\/posts"}],"about":[{"href":"https:\/\/www.sundde.gob.ve\/index.php?rest_route=\/wp\/v2\/types\/post"}],"author":[{"embeddable":true,"href":"https:\/\/www.sundde.gob.ve\/index.php?rest_route=\/wp\/v2\/users\/15"}],"replies":[{"embeddable":true,"href":"https:\/\/www.sundde.gob.ve\/index.php?rest_route=%2Fwp%2Fv2%2Fcomments&post=45916"}],"version-history":[{"count":3,"href":"https:\/\/www.sundde.gob.ve\/index.php?rest_route=\/wp\/v2\/posts\/45916\/revisions"}],"predecessor-version":[{"id":45964,"href":"https:\/\/www.sundde.gob.ve\/index.php?rest_route=\/wp\/v2\/posts\/45916\/revisions\/45964"}],"wp:featuredmedia":[{"embeddable":true,"href":"https:\/\/www.sundde.gob.ve\/index.php?rest_route=\/wp\/v2\/media\/45917"}],"wp:attachment":[{"href":"https:\/\/www.sundde.gob.ve\/index.php?rest_route=%2Fwp%2Fv2%2Fmedia&parent=45916"}],"wp:term":[{"taxonomy":"category","embeddable":true,"href":"https:\/\/www.sundde.gob.ve\/index.php?rest_route=%2Fwp%2Fv2%2Fcategories&post=45916"},{"taxonomy":"post_tag","embeddable":true,"href":"https:\/\/www.sundde.gob.ve\/index.php?rest_route=%2Fwp%2Fv2%2Ftags&post=45916"}],"curies":[{"name":"wp","href":"https:\/\/api.w.org\/{rel}","templated":true}]}}