{"id":45928,"date":"2026-09-04T17:26:52","date_gmt":"2026-09-04T17:26:52","guid":{"rendered":"https:\/\/www.sundde.gob.ve\/?p=45928"},"modified":"2026-09-04T17:26:52","modified_gmt":"2026-09-04T17:26:52","slug":"formacion-en-manejo-del-estres-laboral-ofrece-herramientas-para-el-cuidado-de-la-salud","status":"publish","type":"post","link":"https:\/\/www.sundde.gob.ve\/?p=45928","title":{"rendered":"Formaci\u00f3n en Manejo del Estr\u00e9s Laboral ofrece herramientas para el cuidado de la salud"},"content":{"rendered":"<div class=\"wp-block-image\">\n<figure class=\"aligncenter size-full\"><img fetchpriority=\"high\" decoding=\"async\" width=\"780\" height=\"470\" src=\"https:\/\/www.sundde.gob.ve\/wp-content\/uploads\/2026\/09\/image.png\" alt=\"\" class=\"wp-image-45929\" srcset=\"https:\/\/www.sundde.gob.ve\/wp-content\/uploads\/2026\/09\/image.png 780w, https:\/\/www.sundde.gob.ve\/wp-content\/uploads\/2026\/09\/image-300x181.png 300w, https:\/\/www.sundde.gob.ve\/wp-content\/uploads\/2026\/09\/image-768x463.png 768w\" sizes=\"(max-width: 780px) 100vw, 780px\" \/><\/figure>\n<\/div>\n\n\n<p class=\"wp-block-paragraph\">Desde la Base de Misiones Juana Ram\u00edrez La Avanzadora, ubicada en Sarr\u00eda trabajadores y trabajadoras de la Fundaci\u00f3n Hogares de la Patria, participaron en una jornada de formaci\u00f3n denominada \u201cManejo del Estr\u00e9s Laboral\u201d, con el objetivo de promover espacios laborales saludables y velar por el bienestar integral de la clase trabajadora.<\/p>\n\n\n\n<p class=\"wp-block-paragraph\">La jornada formativa estuvo orientada a ofrecer herramientas pr\u00e1cticas que contribuyen al cuidado de la salud mental y al fortalecimiento del clima organizacional como parte de una experiencia orientada al autocuidado y la integraci\u00f3n.<\/p>\n\n\n\n<p class=\"wp-block-paragraph\">Las din\u00e1micas e intervenciones fueron desarrolladas por un equipo multidisciplinario del Ministerio del Poder Popular de Industrias y Comercio Nacional, cuyos profesionales guiaron a los asistentes en la identificaci\u00f3n de factores estresantes en el entorno de trabajo, as\u00ed como en la aplicaci\u00f3n de t\u00e9cnicas efectivas de relajaci\u00f3n, comunicaci\u00f3n y manejo emocional para afrontar los desaf\u00edos cotidianos.<\/p>\n\n\n\n<p class=\"wp-block-paragraph\">Estas pol\u00edticas de acompa\u00f1amiento institucional forman parte de las directrices orientadas a garantizar la protecci\u00f3n social y el desarrollo integral de la fuerza laboral, ratificando el compromiso del Estado venezolano de consolidar entornos de trabajo arm\u00f3nicos, eficientes y al servicio del pueblo.<\/p>\n\n\n\n<p class=\"wp-block-paragraph\"><strong>Prensa: Ministerio del Poder Popular de Industrias y Comercio Nacional<\/strong><\/p>\n","protected":false},"excerpt":{"rendered":"<p>Desde la Base de Misiones Juana Ram\u00edrez La Avanzadora, ubicada en Sarr\u00eda trabajadores y trabajadoras de la Fundaci\u00f3n Hogares de la Patria, participaron en una jornada de formaci\u00f3n denominada \u201cManejo del Estr\u00e9s Laboral\u201d, con el objetivo de promover espacios laborales saludables y velar por el bienestar integral de la clase trabajadora. La jornada formativa estuvo orientada a ofrecer herramientas pr\u00e1cticas que contribuyen al cuidado de la salud mental y al fortalecimiento del clima organizacional como parte de una experiencia orientada al autocuidado y la integraci\u00f3n. Las din\u00e1micas e intervenciones fueron desarrolladas por un equipo multidisciplinario del Ministerio del Poder Popular de Industrias y Comercio Nacional, cuyos profesionales guiaron a los asistentes en la identificaci\u00f3n de factores estresantes en el entorno de trabajo, as\u00ed como en la aplicaci\u00f3n de t\u00e9cnicas efectivas de relajaci\u00f3n, comunicaci\u00f3n y manejo emocional para afrontar los desaf\u00edos cotidianos. Estas pol\u00edticas de acompa\u00f1amiento institucional forman parte de las directrices orientadas a garantizar la protecci\u00f3n social y el desarrollo integral de la fuerza laboral, ratificando el compromiso del Estado venezolano de consolidar entornos de trabajo arm\u00f3nicos, eficientes y al servicio del pueblo. Prensa: Ministerio del Poder Popular de Industrias y Comercio Nacional<\/p>\n","protected":false},"author":15,"featured_media":45929,"comment_status":"closed","ping_status":"closed","sticky":false,"template":"","format":"standard","meta":{"_monsterinsights_skip_tracking":false,"footnotes":""},"categories":[4],"tags":[],"class_list":["post-45928","post","type-post","status-publish","format-standard","has-post-thumbnail","hentry","category-noticias"],"_links":{"self":[{"href":"https:\/\/www.sundde.gob.ve\/index.php?rest_route=\/wp\/v2\/posts\/45928","targetHints":{"allow":["GET"]}}],"collection":[{"href":"https:\/\/www.sundde.gob.ve\/index.php?rest_route=\/wp\/v2\/posts"}],"about":[{"href":"https:\/\/www.sundde.gob.ve\/index.php?rest_route=\/wp\/v2\/types\/post"}],"author":[{"embeddable":true,"href":"https:\/\/www.sundde.gob.ve\/index.php?rest_route=\/wp\/v2\/users\/15"}],"replies":[{"embeddable":true,"href":"https:\/\/www.sundde.gob.ve\/index.php?rest_route=%2Fwp%2Fv2%2Fcomments&post=45928"}],"version-history":[{"count":1,"href":"https:\/\/www.sundde.gob.ve\/index.php?rest_route=\/wp\/v2\/posts\/45928\/revisions"}],"predecessor-version":[{"id":45930,"href":"https:\/\/www.sundde.gob.ve\/index.php?rest_route=\/wp\/v2\/posts\/45928\/revisions\/45930"}],"wp:featuredmedia":[{"embeddable":true,"href":"https:\/\/www.sundde.gob.ve\/index.php?rest_route=\/wp\/v2\/media\/45929"}],"wp:attachment":[{"href":"https:\/\/www.sundde.gob.ve\/index.php?rest_route=%2Fwp%2Fv2%2Fmedia&parent=45928"}],"wp:term":[{"taxonomy":"category","embeddable":true,"href":"https:\/\/www.sundde.gob.ve\/index.php?rest_route=%2Fwp%2Fv2%2Fcategories&post=45928"},{"taxonomy":"post_tag","embeddable":true,"href":"https:\/\/www.sundde.gob.ve\/index.php?rest_route=%2Fwp%2Fv2%2Ftags&post=45928"}],"curies":[{"name":"wp","href":"https:\/\/api.w.org\/{rel}","templated":true}]}}